{"id":52479,"date":"2022-12-03T18:05:36","date_gmt":"2022-12-03T16:05:36","guid":{"rendered":"https:\/\/www.wwwagner.tv\/?p=52479"},"modified":"2022-12-13T02:30:47","modified_gmt":"2022-12-13T00:30:47","slug":"medienmagazin-vom-03-12-2022","status":"publish","type":"post","link":"https:\/\/www.wwwagner.tv\/?p=52479","title":{"rendered":"Medienmagazin vom 03.12.2022"},"content":{"rendered":"<p> <audio   controls > <source src=\"https:\/\/rbbmediapmdp-a.akamaihd.net\/content\/9a\/3d\/9a3d9414-41e1-4a25-81b6-3e552cae5127\/e821d44b-38b8-46f0-b14f-534286393535_2611323f-001b-4fcc-9220-080c1169b6e0.mp3\" type='audio\/mpeg' \/> <object   type=\"application\/x-shockwave-flash\"  data=\"https:\/\/www.wwwagner.tv\/wp-content\/plugins\/wphtml5player\/inc\/flowplayer.swf\"  width=\"400\"  height=\"30\"> <param name=\"movie\" value='https:\/\/www.wwwagner.tv\/wp-content\/plugins\/wphtml5player\/inc\/flowplayer.swf' \/><param name=\"allowfullscreen\" value='false' \/><param name=\"cachebusting\" value='true' \/><param name=\"bgcolor\" value='#000000' \/><param name=\"flashvars\" value='config={\"plugins\":{\"controls\":{\"height\":30,\"autoHide\":false,\"fullscreen\":false}},\"clip\":{\"autoPlay\":false,\"url\":\"https:\\\/\\\/rbbmediapmdp-a.akamaihd.net\\\/content\\\/9a\\\/3d\\\/9a3d9414-41e1-4a25-81b6-3e552cae5127\\\/e821d44b-38b8-46f0-b14f-534286393535_2611323f-001b-4fcc-9220-080c1169b6e0.mp3\"},\"playlist\":[{\"autoPlay\":false,\"url\":\"https:\\\/\\\/rbbmediapmdp-a.akamaihd.net\\\/content\\\/9a\\\/3d\\\/9a3d9414-41e1-4a25-81b6-3e552cae5127\\\/e821d44b-38b8-46f0-b14f-534286393535_2611323f-001b-4fcc-9220-080c1169b6e0.mp3\"}],\"play\":{\"opacity\":0}}' \/>  No audio playback capabilities, please download the audio below<br \/><strong>Download Audio:<\/strong> Closed Format: <a href=\"https:\/\/rbbmediapmdp-a.akamaihd.net\/content\/9a\/3d\/9a3d9414-41e1-4a25-81b6-3e552cae5127\/e821d44b-38b8-46f0-b14f-534286393535_2611323f-001b-4fcc-9220-080c1169b6e0.mp3\">MP3<\/a> <\/object> <!-- Generated by HTML5 Multimedia Framework (http:\/\/code.google.com\/p\/html5videoplayer) --> <\/audio>  <br \/>\n<a href=\"https:\/\/rbbmediapmdp-a.akamaihd.net\/content\/9a\/3d\/9a3d9414-41e1-4a25-81b6-3e552cae5127\/e821d44b-38b8-46f0-b14f-534286393535_2611323f-001b-4fcc-9220-080c1169b6e0.mp3\" target=\"_blank\" rel=\"noopener noreferrer\">Download<\/a><span style=\"color: #666666;\"> (verlinkte Audio-Quelle bis zum 03.12.2023: rbb, radioeins)<\/span><br \/>\n* via <a href=\"http:\/\/bit.ly\/UiK8m2\" rel=\"noopener noreferrer\" target=\"_blank\">radioeins.de<\/a><br \/>\n* via <a href=\"http:\/\/bit.ly\/2QPyw0c\" rel=\"noopener noreferrer\" target=\"_blank\">ARD-Audiothek<\/a><br \/>\n* via <a href=\"https:\/\/open.spotify.com\/show\/7xVQUA4ge6g5IUsCYk5qtE?si=d4af4d1f18f94ddc\" rel=\"noopener\" target=\"_blank\">spotify<\/a><br \/>\n* via <a href=\"https:\/\/podcasts.apple.com\/de\/podcast\/medienmagazin\/id160843212\" rel=\"noopener\" target=\"_blank\">Apple PodCasts<\/a><br \/>\n* via ALEXA: &#8222;Alexa, spiele Medienmagazin (von radioeins!)&#8220;<br \/>\n* via Google Home: &#8222;Ok, Google, spiele radioeins Medienmagazin!&#8220;<\/p>\n<div style=\"height: 5px;\"><\/div>\n<p>(00:00) INTRO: rbb-Doku \u201eSenderst\u00f6rung\u201c | (01:55) KOMPAKT: Tagesspiegel nach Neustart und Wechsel bei Print zu Tabloid &#8211; Lorenz Maroldt, Norbert K\u00fcpper | (19:31) RBB: Das Aufr\u00e4umen geht weiter &#8211; Gabi Probst | (33:56) N-TV: Vor 30 Jahren begann das 24-Stunden-Nachrichtenfernsehen in Deutschland &#8211; Sonja Schwetje | (47:03) Bonus: 30.11.1992: Aufbruchstimmung in der Berliner Taubenstra\u00dfe bei n-tv, DT64, <a href=\"https:\/\/www.wwwagner.tv\/?p=18495\" rel=\"noopener\" target=\"_blank\">30.11.1992<\/a> | (1:17:08) Bonus: 30 Jahre n-tv &#8211; Bundespr\u00e4sident Frank-Walter Steinmeier, 23.11.2022 | (1:38:39) Bonus: 30 Jahre n-tv &#8211; Podiumsdiskussion, 23.11.2022 || J\u00f6rg Wagner<\/p>\n<div style=\"height: 30px;\"><\/div>\n<hr \/>\n<div style=\"height: 10px;\"><\/div>\n<p><span style=\"font-size: 11pt; font-family: tahoma,arial,helvetica,sans-serif;\"><br \/>\n<strong>INTRO: rbb-Doku \u201eSenderst\u00f6rung\u201c<\/strong><br \/>\nRekonstruktion der rbb-Krise seit Sommer 2022<br \/>\nO-Ton: Doku-Ausschnitt<br \/>\nAusstrahlung am 07.12.2022, rbb, 22:15 Uhr<br \/>\n<span style=\"font-size: 11pt; font-family: tahoma,arial,helvetica,sans-serif;\"><br \/>\n<strong>1. KOMPAKT: Tagesspiegel nach Neustart und Wechsel bei Print zu Tabloid<\/strong><br \/>\nmuPRO-Schaltgespr\u00e4ch zu Chefredakteur Lorenz Maroldt in die Tagesspiegel-Redaktion kurz vor den Druck der Sonntag-Ausgabe \u00fcber die Hintergr\u00fcnde und ersten Erfahrungen (live)<br \/>\nmuPRO-Schaltgespr\u00e4ch mit Norbert K\u00fcpper, Zeitungsdesigner und Miterfinder, Juror des European Newspaper Award<br \/>\nzu Ver\u00e4nderungen im Zeitungsdesign auf internationaler Ebene und den Effekt im Vertrieb durch das Tabloid-Format (live)<br \/>\n<span style=\"font-size: 11pt; font-family: tahoma,arial,helvetica,sans-serif;\"><br \/>\n<strong>2. RBB: Das Aufr\u00e4umen geht weiter<\/strong><br \/>\nZu den Ergebnissen der Verwaltungsratssitzung vom 01.12.2022 mit dem mutma\u00dflichen Stopp des Digitalen Medienhauses und Vertragsaufl\u00f6sungen, sowie \u00fcber au\u00dfergew\u00f6hnliche Vertragsbeendigungen in der \u00c4ra Schlesinger.<br \/>\nmuPRO-Schaltgespr\u00e4ch mit Gabi Probst, Recherche Kontraste (Aufzeichnung, 02.12.2022, 13:00 Uhr)<br \/>\nVgl.:<br \/>\n<a href=\"https:\/\/www.rbb24.de\/politik\/beitrag\/2022\/11\/rbb-vorruhestand-ruhegelder-berlin-kontraste-ard.html\" rel=\"noopener\" target=\"_blank\">https:\/\/www.rbb24.de\/politik\/beitrag\/2022\/11\/rbb-vorruhestand-ruhegelder-berlin-kontraste-ard.html<\/a><br \/>\n<a href=\"https:\/\/www.rbb24.de\/politik\/beitrag\/2022\/12\/rbb-krise-skandal-verwaltungsrat-kontrolle.html\" rel=\"noopener\" target=\"_blank\">https:\/\/www.rbb24.de\/politik\/beitrag\/2022\/12\/rbb-krise-skandal-verwaltungsrat-kontrolle.html<\/a><br \/>\n<span style=\"font-size: 11pt; font-family: tahoma,arial,helvetica,sans-serif;\"><br \/>\n<strong>3: N-TV: Vor 30 Jahren begann das 24-Stunden-Nachrichtenfernsehen in Deutschland<\/strong><br \/>\n30.11.1992: Aufbruchstimmung in der Berliner Taubenstra\u00dfe<br \/>\nO-T\u00f6ne vom Sendestart mit n-tv-Gr\u00fcnder Karl-Ulrich Kuhlo<br \/>\n* Christian Schwarz-Schilling, damaliger Bundespostminister<br \/>\n* Peter Staisch, n-tv-Chefredakteur<br \/>\nmuPRO-Schaltgespr\u00e4ch mit Sonja Schwetje, Chefredakteurin ntv&#038;RTL NEWS Wirtschaft u. Wissen\/Chair of the Board of ENEX \/ Vorsitzende AG Pressefreiheit bei Bertelsmann (Aufzeichnung, 03.12.2022, 11:00 Uhr)<br \/>\n<span style=\"font-size: 11pt; font-family: tahoma,arial,helvetica,sans-serif;\"><br \/>\n<strong>PodCast-Bonus:<\/strong><br \/>\n\u00b0 Aufbruchstimmung in der Berliner Taubenstra\u00dfe bei n-tv, DT64, <a href=\"https:\/\/www.wwwagner.tv\/?p=18495\" rel=\"noopener\" target=\"_blank\">30.11.1992<\/a>, 21:03 Uhr<br \/>\n\u00b0 30 Jahre n-tv &#8211; Bundespr\u00e4sident Frank-Walter Steinmeier, Berlin, 23.11.2022<br \/>\n\u00b0 30 Jahre n-tv &#8211; Podiumsdiskussion, Berlin, 23.11.2022<\/p>\n<figure id=\"attachment_52481\" aria-describedby=\"caption-attachment-52481\" style=\"width: 1024px\" class=\"wp-caption alignnone\"><img loading=\"lazy\" decoding=\"async\" src=\"https:\/\/www.wwwagner.tv\/wp-content\/uploads\/20221203_podcast_twitter_1024x\u200a576.jpg\" alt=\"\" width=\"1024\" height=\"576\" class=\"size-full wp-image-52481\" srcset=\"https:\/\/www.wwwagner.tv\/wp-content\/uploads\/20221203_podcast_twitter_1024x\u200a576.jpg 1024w, https:\/\/www.wwwagner.tv\/wp-content\/uploads\/20221203_podcast_twitter_1024x\u200a576-300x169.jpg 300w, https:\/\/www.wwwagner.tv\/wp-content\/uploads\/20221203_podcast_twitter_1024x\u200a576-768x432.jpg 768w\" sizes=\"auto, (max-width: 1024px) 100vw, 1024px\" \/><figcaption id=\"caption-attachment-52481\" class=\"wp-caption-text\">Tagesspiegel | rbb | n tv<\/figcaption><\/figure>\n<hr \/>\n<div style=\"height: 5px;\"><\/div>\n<p><html><br \/>\n     <head><\/p>\n<style type=\"text\/css\">\n       body {\n                     background: #DADADA;\n       }\n      <\/style>\n<p>     <\/head><br \/>\n     <body><br \/>\n<\/body><br \/>\n    <\/html><\/span><\/span><\/span><\/span><\/span><\/p>\n","protected":false},"excerpt":{"rendered":"<p>No audio playback capabilities, please download the audio belowDownload Audio: Closed Format: MP3 Download (verlinkte Audio-Quelle bis zum 03.12.2023: rbb, radioeins) * via radioeins.de * via ARD-Audiothek * via spotify * via Apple PodCasts * via ALEXA: &#8222;Alexa, spiele Medienmagazin (von radioeins!)&#8220; * via Google Home: &#8222;Ok, Google, spiele radioeins Medienmagazin!&#8220; (00:00) INTRO: rbb-Doku \u201eSenderst\u00f6rung\u201c [&hellip;]<\/p>\n","protected":false},"author":2,"featured_media":51003,"comment_status":"closed","ping_status":"open","sticky":false,"template":"","format":"standard","meta":{"_monsterinsights_skip_tracking":false,"_monsterinsights_sitenote_active":false,"_monsterinsights_sitenote_note":"","_monsterinsights_sitenote_category":0,"footnotes":""},"categories":[4],"tags":[329,88,624],"class_list":["post-52479","post","type-post","status-publish","format-standard","has-post-thumbnail","hentry","category-medienmagazin","tag-n-tv","tag-rbb","tag-tagesspiegel"],"_links":{"self":[{"href":"https:\/\/www.wwwagner.tv\/index.php?rest_route=\/wp\/v2\/posts\/52479","targetHints":{"allow":["GET"]}}],"collection":[{"href":"https:\/\/www.wwwagner.tv\/index.php?rest_route=\/wp\/v2\/posts"}],"about":[{"href":"https:\/\/www.wwwagner.tv\/index.php?rest_route=\/wp\/v2\/types\/post"}],"author":[{"embeddable":true,"href":"https:\/\/www.wwwagner.tv\/index.php?rest_route=\/wp\/v2\/users\/2"}],"replies":[{"embeddable":true,"href":"https:\/\/www.wwwagner.tv\/index.php?rest_route=%2Fwp%2Fv2%2Fcomments&post=52479"}],"version-history":[{"count":6,"href":"https:\/\/www.wwwagner.tv\/index.php?rest_route=\/wp\/v2\/posts\/52479\/revisions"}],"predecessor-version":[{"id":52487,"href":"https:\/\/www.wwwagner.tv\/index.php?rest_route=\/wp\/v2\/posts\/52479\/revisions\/52487"}],"wp:featuredmedia":[{"embeddable":true,"href":"https:\/\/www.wwwagner.tv\/index.php?rest_route=\/wp\/v2\/media\/51003"}],"wp:attachment":[{"href":"https:\/\/www.wwwagner.tv\/index.php?rest_route=%2Fwp%2Fv2%2Fmedia&parent=52479"}],"wp:term":[{"taxonomy":"category","embeddable":true,"href":"https:\/\/www.wwwagner.tv\/index.php?rest_route=%2Fwp%2Fv2%2Fcategories&post=52479"},{"taxonomy":"post_tag","embeddable":true,"href":"https:\/\/www.wwwagner.tv\/index.php?rest_route=%2Fwp%2Fv2%2Ftags&post=52479"}],"curies":[{"name":"wp","href":"https:\/\/api.w.org\/{rel}","templated":true}]}}