{"id":52890,"date":"2023-04-22T18:05:45","date_gmt":"2023-04-22T16:05:45","guid":{"rendered":"https:\/\/www.wwwagner.tv\/?p=52890"},"modified":"2023-04-25T01:57:19","modified_gmt":"2023-04-24T23:57:19","slug":"medienmagazin-vom-22-04-2023","status":"publish","type":"post","link":"https:\/\/www.wwwagner.tv\/?p=52890","title":{"rendered":"Medienmagazin vom 22.04.2023"},"content":{"rendered":"<p> <audio   controls > <source src=\"https:\/\/rbbmediapmdp-a.akamaihd.net\/content\/ba\/c9\/bac9739b-62d5-44bb-826b-8a90252af14d\/9533a44b-8585-4d18-84bb-1f52e7007bba_62a804f2-8fbe-40cb-8814-ae705ccc3e14.mp3\" type='audio\/mpeg' \/> <object   type=\"application\/x-shockwave-flash\"  data=\"https:\/\/www.wwwagner.tv\/wp-content\/plugins\/wphtml5player\/inc\/flowplayer.swf\"  width=\"400\"  height=\"30\"> <param name=\"movie\" value='https:\/\/www.wwwagner.tv\/wp-content\/plugins\/wphtml5player\/inc\/flowplayer.swf' \/><param name=\"allowfullscreen\" value='false' \/><param name=\"cachebusting\" value='true' \/><param name=\"bgcolor\" value='#000000' \/><param name=\"flashvars\" value='config={\"plugins\":{\"controls\":{\"height\":30,\"autoHide\":false,\"fullscreen\":false}},\"clip\":{\"autoPlay\":false,\"url\":\"https:\\\/\\\/rbbmediapmdp-a.akamaihd.net\\\/content\\\/ba\\\/c9\\\/bac9739b-62d5-44bb-826b-8a90252af14d\\\/9533a44b-8585-4d18-84bb-1f52e7007bba_62a804f2-8fbe-40cb-8814-ae705ccc3e14.mp3\"},\"playlist\":[{\"autoPlay\":false,\"url\":\"https:\\\/\\\/rbbmediapmdp-a.akamaihd.net\\\/content\\\/ba\\\/c9\\\/bac9739b-62d5-44bb-826b-8a90252af14d\\\/9533a44b-8585-4d18-84bb-1f52e7007bba_62a804f2-8fbe-40cb-8814-ae705ccc3e14.mp3\"}],\"play\":{\"opacity\":0}}' \/>  No audio playback capabilities, please download the audio below<br \/><strong>Download Audio:<\/strong> Closed Format: <a href=\"https:\/\/rbbmediapmdp-a.akamaihd.net\/content\/ba\/c9\/bac9739b-62d5-44bb-826b-8a90252af14d\/9533a44b-8585-4d18-84bb-1f52e7007bba_62a804f2-8fbe-40cb-8814-ae705ccc3e14.mp3\">MP3<\/a> <\/object> <!-- Generated by HTML5 Multimedia Framework (http:\/\/code.google.com\/p\/html5videoplayer) --> <\/audio>  <br \/>\n<a href=\"https:\/\/rbbmediapmdp-a.akamaihd.net\/content\/ba\/c9\/bac9739b-62d5-44bb-826b-8a90252af14d\/9533a44b-8585-4d18-84bb-1f52e7007bba_62a804f2-8fbe-40cb-8814-ae705ccc3e14.mp3\" target=\"_blank\" rel=\"noopener noreferrer\">Download<\/a><br \/>\n<span style=\"color: #666666;\"> (verlinkte Audio-Quelle bis zum 22.04.2024: rbb, radioeins)<\/span><br \/>\n* via <a href=\"http:\/\/bit.ly\/UiK8m2\" rel=\"noopener noreferrer\" target=\"_blank\">radioeins.de<\/a><br \/>\n* via <a href=\"http:\/\/bit.ly\/2QPyw0c\" rel=\"noopener noreferrer\" target=\"_blank\">ARD-Audiothek<\/a><br \/>\n* via <a href=\"https:\/\/open.spotify.com\/show\/7xVQUA4ge6g5IUsCYk5qtE?si=d4af4d1f18f94ddc\" rel=\"noopener\" target=\"_blank\">spotify<\/a><br \/>\n* via <a href=\"https:\/\/podcasts.apple.com\/de\/podcast\/medienmagazin\/id160843212\" rel=\"noopener\" target=\"_blank\">Apple PodCasts<\/a><br \/>\n* via ALEXA: &#8222;Alexa, spiele Medienmagazin (von radioeins!)&#8220;<br \/>\n* via Google Home: &#8222;Ok, Google, spiele radioeins Medienmagazin!&#8220;<br \/>\n* via <a href=\"https:\/\/music.amazon.de\/podcasts\/7afb1048-853d-4021-a704-7ba7e902e6ac\/medienmagazin\" rel=\"noopener\" target=\"_blank\">Amazonmusic<\/a><\/p>\n<p>(00:00) INTRO: Stuckrad-Barre | (01:48) RBB: Reset beim Verwaltungsrat (1) &#8211; Dorette K\u00f6nig | (10:18) RBB: (2) Oliver B\u00fcrgel &#8211; Benjamin Ehlers | (16:09) RBB: Warnstreik &#8211; Marika Kavouras &#8211; Andrea K\u00fchnemann &#8211; Dr. Katrin Vernau | (27:57) RBB: Business Insider: \u201ePolitischer Einfluss auf das Programm\u201d? &#8211; Kayhan \u00d6zgen\u00e7 &#8211; Dr. Katrin Vernau | (41:17) BONUS: in memoriam: Heinz-Florian Oertel | (50:00) BONUS: \u201cBei Anruf Schnitt\u201d, 17.03.2023 | (1:04:29) BONUS: Brandenburg Aktuell, 24.11.2021 | (1:07:57) BONUS: rbb-Rundfunkratssitzung, 20.04.2023 || J\u00f6rg Wagner<\/p>\n<div style=\"height: 10px;\"><\/div>\n<hr \/>\n<div style=\"height: 10px;\"><\/div>\n<p><span style=\"font-size: 11pt; font-family: tahoma,arial,helvetica,sans-serif;\"><br \/>\n<strong>INTRO: Benjamin von Stuckrad-Barre<\/strong><br \/>\nQuelle: ZAPP, NDR-Medienmagazin, 19.04.2023<br \/>\n<span style=\"font-size: 11pt; font-family: tahoma,arial,helvetica,sans-serif;\"><br \/>\n<strong>1. rbb-Rundfunkratssitzung mit Wahl des neuen Verwaltungsrats (1) <\/strong><br \/>\nNach siebeneinhalb Stunden Rundfunkratssitzung pr\u00e4sentierte sich kurz vor Mitternacht am 20.04.2023 der neue rbb-Verwaltungsratsvorsitzende, Benjamin Ehlers, den Fotografen. Vor dem Beginn des Auswahlverfahrens mit 17 Bewerberinnen und Bewerbern, wurde die amtierende Verwaltungsratsvorsitzende, Dorette K\u00f6nig verabschiedet &#8211; Interview<br \/>\n<span style=\"font-size: 11pt; font-family: tahoma,arial,helvetica,sans-serif;\"><br \/>\n<strong>2. rbb-Rundfunkratssitzung mit Wahl des neuen Verwaltungsrats (2)<\/strong><br \/>\nInterviews mit Oliver B\u00fcrgel, rbb-Rundfunkratsvorsitzender +  Benjamin Ehlers, neuer rbb-Verwaltungsratsvorsitzender<br \/>\n<span style=\"font-size: 11pt; font-family: tahoma,arial,helvetica,sans-serif;\"><br \/>\n<strong>3. Warnstreik im rbb<\/strong><br \/>\nCollage mit O-T\u00f6nen<br \/>\n* rbb24\/Abendschau\/Brandenburg aktuell, 20.04.2023, 19:30 Uhr<br \/>\n* radioeins, 16:05 Uhr<br \/>\n* rbb24 Inforadio, 15:05 Uhr<br \/>\n* Atmo von einer Streik-Kundgebung in Potsdam am 20.04.2023 mit Marika Kavouras, Kamerafrau und Andrea K\u00fchnemann, ver.di<br \/>\nInterviews mit:<br \/>\n* Andrea K\u00fchnemann, ver.di<br \/>\n* Dr. Katrin Vernau, rbb-Intendantin<br \/>\n<span style=\"font-size: 11pt; font-family: tahoma,arial,helvetica,sans-serif;\"><br \/>\n<strong>4. Business Insider: \u201ePolitischer Einfluss auf das Programm\u201c?<\/strong><br \/>\nBrandenburgs Ministerpr\u00e4sident setzte RBB-Journalisten wegen kritischer Berichterstattung unter Druck<br \/>\nLaut dem Portal <a href=\"https:\/\/www.businessinsider.de\/wirtschaft\/politischer-einfluss-auf-das-programm-brandenburgs-ministerpraesident-dietmar-woidke-setzte-rbb-journalisten-wegen-kritischer-berichterstattung-unter-druck\/\" rel=\"noopener\" target=\"_blank\">Business Insider<\/a> kam es im Fr\u00fchjahr 2023 zur einer pers\u00f6nlichen Intervenierung des Ministerpr\u00e4sidenten des Landes Brandenburg, Dietmar Woidke, vor Ort im Regionalstudio Cottbus<br \/>\nmuPRO-Schaltgespr\u00e4ch mit Kayhan \u00d6zgen\u00e7, Chefredakteur Business Insider zu den Hintergr\u00fcnden der Recherche (live)<br \/>\nO-T\u00f6ne:<br \/>\n* \u201cBei Anruf Schnitt\u201d, Medienmagazin, Inforadio, 17.03.2013 (Ausschnitt)<br \/>\n* Schalte aus Cottbus, Andreas Rausch, Brandenburg Aktuell, 24.11.2021 (Ausschnitt)<br \/>\n* Dr. Katrin Vernau, rbb-Intendantin<br \/>\n<span style=\"font-size: 11pt; font-family: tahoma,arial,helvetica,sans-serif;\"><br \/>\n<strong>Podcast-Bonus:<\/strong><br \/>\n* in memoriam: Heinz-Florian Oertel (11.12.1927-27.03.2023)<br \/>\nO-Ton: Zielreportage, DDR-Rundfunk, 09.05.1955<br \/>\nTelefoninterview \u00fcber Talkshows, Medienmagazin, 11.01.2003<br \/>\n* \u201cBei Anruf Schnitt\u201d, Medienmagazin, Inforadio, 17.03.2013<br \/>\n* Schalte aus Cottbus, Andreas Rausch, Brandenburg Aktuell, 24.11.2021<br \/>\n* rbb-Rundfunkratssitzung, 20.04.2023 (\u00d6ffentlicher Teil)<\/p>\n<div style=\"height: 40px;\"><\/div>\n<figure id=\"attachment_52879\" aria-describedby=\"caption-attachment-52879\" style=\"width: 1024px\" class=\"wp-caption alignnone\"><img loading=\"lazy\" decoding=\"async\" src=\"https:\/\/www.wwwagner.tv\/wp-content\/uploads\/20230422_podcast_twitter_1024\u00d7576.jpg\" alt=\"\" width=\"1024\" height=\"576\" class=\"size-full wp-image-52879\" srcset=\"https:\/\/www.wwwagner.tv\/wp-content\/uploads\/20230422_podcast_twitter_1024\u00d7576.jpg 1024w, https:\/\/www.wwwagner.tv\/wp-content\/uploads\/20230422_podcast_twitter_1024\u00d7576-300x169.jpg 300w, https:\/\/www.wwwagner.tv\/wp-content\/uploads\/20230422_podcast_twitter_1024\u00d7576-768x432.jpg 768w\" sizes=\"auto, (max-width: 1024px) 100vw, 1024px\" \/><figcaption id=\"caption-attachment-52879\" class=\"wp-caption-text\">Benjamin Ehlers | \u00a9 J\u00f6rg Wagner<\/figcaption><\/figure>\n<hr \/>\n<div style=\"height: 5px;\"><\/div>\n<p><html><br \/>\n     <head><\/p>\n<style type=\"text\/css\">\n       body {\n                     background: #DADADA;\n       }\n      <\/style>\n<p>     <\/head><br \/>\n     <body><br \/>\n<\/body><br \/>\n    <\/html><\/span><\/span><\/span><\/span><\/span><\/span><\/p>\n","protected":false},"excerpt":{"rendered":"<p>No audio playback capabilities, please download the audio belowDownload Audio: Closed Format: MP3 Download (verlinkte Audio-Quelle bis zum 22.04.2024: rbb, radioeins) * via radioeins.de * via ARD-Audiothek * via spotify * via Apple PodCasts * via ALEXA: &#8222;Alexa, spiele Medienmagazin (von radioeins!)&#8220; * via Google Home: &#8222;Ok, Google, spiele radioeins Medienmagazin!&#8220; * via Amazonmusic (00:00) [&hellip;]<\/p>\n","protected":false},"author":2,"featured_media":51003,"comment_status":"closed","ping_status":"open","sticky":false,"template":"","format":"standard","meta":{"_monsterinsights_skip_tracking":false,"footnotes":""},"categories":[4],"tags":[88,1052],"class_list":["post-52890","post","type-post","status-publish","format-standard","has-post-thumbnail","hentry","category-medienmagazin","tag-rbb","tag-rundfunkrat"],"_links":{"self":[{"href":"https:\/\/www.wwwagner.tv\/index.php?rest_route=\/wp\/v2\/posts\/52890","targetHints":{"allow":["GET"]}}],"collection":[{"href":"https:\/\/www.wwwagner.tv\/index.php?rest_route=\/wp\/v2\/posts"}],"about":[{"href":"https:\/\/www.wwwagner.tv\/index.php?rest_route=\/wp\/v2\/types\/post"}],"author":[{"embeddable":true,"href":"https:\/\/www.wwwagner.tv\/index.php?rest_route=\/wp\/v2\/users\/2"}],"replies":[{"embeddable":true,"href":"https:\/\/www.wwwagner.tv\/index.php?rest_route=%2Fwp%2Fv2%2Fcomments&post=52890"}],"version-history":[{"count":4,"href":"https:\/\/www.wwwagner.tv\/index.php?rest_route=\/wp\/v2\/posts\/52890\/revisions"}],"predecessor-version":[{"id":52894,"href":"https:\/\/www.wwwagner.tv\/index.php?rest_route=\/wp\/v2\/posts\/52890\/revisions\/52894"}],"wp:featuredmedia":[{"embeddable":true,"href":"https:\/\/www.wwwagner.tv\/index.php?rest_route=\/wp\/v2\/media\/51003"}],"wp:attachment":[{"href":"https:\/\/www.wwwagner.tv\/index.php?rest_route=%2Fwp%2Fv2%2Fmedia&parent=52890"}],"wp:term":[{"taxonomy":"category","embeddable":true,"href":"https:\/\/www.wwwagner.tv\/index.php?rest_route=%2Fwp%2Fv2%2Fcategories&post=52890"},{"taxonomy":"post_tag","embeddable":true,"href":"https:\/\/www.wwwagner.tv\/index.php?rest_route=%2Fwp%2Fv2%2Ftags&post=52890"}],"curies":[{"name":"wp","href":"https:\/\/api.w.org\/{rel}","templated":true}]}}