{"id":53457,"date":"2023-10-28T18:05:46","date_gmt":"2023-10-28T16:05:46","guid":{"rendered":"https:\/\/www.wwwagner.tv\/?p=53457"},"modified":"2023-11-08T13:26:39","modified_gmt":"2023-11-08T11:26:39","slug":"medienmagazin-vom-28-10-2023","status":"publish","type":"post","link":"https:\/\/www.wwwagner.tv\/?p=53457","title":{"rendered":"Medienmagazin vom 28.10.2023"},"content":{"rendered":"<p> <audio   controls > <source src=\"https:\/\/rbbmediapmdp-a.akamaihd.net\/content\/f9\/46\/f94669f2-84f6-4080-9d7f-a7abcdc4af83\/9df15a8f-b3e3-405d-8a36-2f623b89bfbd_f993b86e-0ca9-4eae-b521-d1acb7c2d84e.mp3\" type='audio\/mpeg' \/> <object   type=\"application\/x-shockwave-flash\"  data=\"https:\/\/www.wwwagner.tv\/wp-content\/plugins\/wphtml5player\/inc\/flowplayer.swf\"  width=\"400\"  height=\"30\"> <param name=\"movie\" value='https:\/\/www.wwwagner.tv\/wp-content\/plugins\/wphtml5player\/inc\/flowplayer.swf' \/><param name=\"allowfullscreen\" value='false' \/><param name=\"cachebusting\" value='true' \/><param name=\"bgcolor\" value='#000000' \/><param name=\"flashvars\" value='config={\"plugins\":{\"controls\":{\"height\":30,\"autoHide\":false,\"fullscreen\":false}},\"clip\":{\"autoPlay\":false,\"url\":\"https:\\\/\\\/rbbmediapmdp-a.akamaihd.net\\\/content\\\/f9\\\/46\\\/f94669f2-84f6-4080-9d7f-a7abcdc4af83\\\/9df15a8f-b3e3-405d-8a36-2f623b89bfbd_f993b86e-0ca9-4eae-b521-d1acb7c2d84e.mp3\"},\"playlist\":[{\"autoPlay\":false,\"url\":\"https:\\\/\\\/rbbmediapmdp-a.akamaihd.net\\\/content\\\/f9\\\/46\\\/f94669f2-84f6-4080-9d7f-a7abcdc4af83\\\/9df15a8f-b3e3-405d-8a36-2f623b89bfbd_f993b86e-0ca9-4eae-b521-d1acb7c2d84e.mp3\"}],\"play\":{\"opacity\":0}}' \/>  No audio playback capabilities, please download the audio below<br \/><strong>Download Audio:<\/strong> Closed Format: <a href=\"https:\/\/rbbmediapmdp-a.akamaihd.net\/content\/f9\/46\/f94669f2-84f6-4080-9d7f-a7abcdc4af83\/9df15a8f-b3e3-405d-8a36-2f623b89bfbd_f993b86e-0ca9-4eae-b521-d1acb7c2d84e.mp3\">MP3<\/a> <\/object> <!-- Generated by HTML5 Multimedia Framework (http:\/\/code.google.com\/p\/html5videoplayer) --> <\/audio>  <br \/>\n<a href=\"https:\/\/rbbmediapmdp-a.akamaihd.net\/content\/f9\/46\/f94669f2-84f6-4080-9d7f-a7abcdc4af83\/9df15a8f-b3e3-405d-8a36-2f623b89bfbd_f993b86e-0ca9-4eae-b521-d1acb7c2d84e.mp3\" target=\"_blank\" rel=\"noopener noreferrer\">Download<\/a><br \/>\n<span style=\"color: #666666;\"> (verlinkte Audio-Quelle bis zur Depublizierung: rbb, radioeins)<\/span><br \/>\n* via <a href=\"http:\/\/bit.ly\/UiK8m2\" rel=\"noopener noreferrer\" target=\"_blank\">radioeins.de<\/a><br \/>\n* via <a href=\"http:\/\/bit.ly\/2QPyw0c\" rel=\"noopener noreferrer\" target=\"_blank\">ARD-Audiothek<\/a><br \/>\n* via <a href=\"https:\/\/open.spotify.com\/show\/7xVQUA4ge6g5IUsCYk5qtE?si=d4af4d1f18f94ddc\" rel=\"noopener\" target=\"_blank\">spotify<\/a><br \/>\n* via <a href=\"https:\/\/podcasts.apple.com\/de\/podcast\/medienmagazin\/id160843212\" rel=\"noopener\" target=\"_blank\">Apple PodCasts<\/a><br \/>\n* via ALEXA: &#8222;Alexa, spiele Medienmagazin (von radioeins!)&#8220;<br \/>\n* via Google Home: &#8222;Ok, Google, spiele radioeins Medienmagazin!&#8220;<br \/>\n* via <a href=\"https:\/\/music.amazon.de\/podcasts\/7afb1048-853d-4021-a704-7ba7e902e6ac\/medienmagazin\" rel=\"noopener\" target=\"_blank\">Amazonmusic<\/a><\/p>\n<p>(00:00) Medienmagazin (1) INTRO: Haus des Rundfunks | (03:18) HdR-Keller-Geschichte 1 &#8211; Philipp Nitzsche &#8211; Christian Colett | (09:13) 1914-1932 &#8211; Nikolaus L\u00f6we &#8211; Rainer Suckow | (22:04) 1933-45 &#8211; Kai Kn\u00f6rr | (33:05) ab 1945 &#8211; Kai Kn\u00f6rr &#8211; HdR-Keller-Geschichte 2 &#8211; Philipp Nitzsche &#8211; Christian Colett | Anderes Radio &#8211; Julia Dimitroff | (54:12) Medienmagazin (2) &#8211; Podiumsgespr\u00e4ch: \u201cEffizient, regional, digital. Was macht einen guten \u00f6ffentlich-rechtlichen Rundfunk aus?\u201d &#8211; Der Talk zum Staatsvertrag &#8211; Ann-Kathrin Hipp &#8211; Christine Keilholz &#8211; Jennifer Wilton &#8211; Markus Beckedahl &#8211; J\u00f6rg Wagner &#8211; Marco Seiffert | (1:48:31) BONUS: HdR-Keller-Geschichte 3 | (2:11:37) BONUS: Podiumsdiskussion \u201cFrequenzbesitzer und Frequenzbesetzungen in (Ost-)Berlin und den neuen Bundesl\u00e4ndern\u201d<\/p>\n<div style=\"height: 10px;\"><\/div>\n<hr \/>\n<div style=\"height: 10px;\"><\/div>\n<p><span style=\"font-size: 11pt; font-family: tahoma,arial,helvetica,sans-serif;\"><br \/>\n<strong>100 Jahre Radio: &#8222;Medienmagazin Spezial&#8220; mit Talk zum Staatsvertrag (Die doppelte Funkstunde)<\/strong><br \/>\n<span style=\"font-size: 11pt; font-family: tahoma,arial,helvetica,sans-serif;\"><br \/>\nAm 29.10.1923 ging in Berlin der offizielle deutsche &#8222;Unterhaltungsrundfunk&#8220; zum ersten Mal auf Sendung. Am Vorabend dieses Jubil\u00e4ums feierte das &#8222;Medienmagazin&#8220; von radioeins (rbb) mit einer zweist\u00fcndigen Sonderausgabe &#8222;100 Jahre Radio&#8220;. Auf der B\u00fchne des Kleinen Sendesaals im Haus des Rundfunks diskutierten die Moderatoren J\u00f6rg Wagner und Marco Seiffert \u00fcber die aktuellen und k\u00fcnftigen Herausforderungen f\u00fcr den \u00f6ffentlich-rechtlichen Rundfunk. Die Veranstaltung vor Publikum wurde am 28.10.2023 ab 18:05 Uhr live auf radioeins \u00fcbertragen.<br \/>\n<span style=\"font-size: 11pt; font-family: tahoma,arial,helvetica,sans-serif;\"><br \/>\n<strong>Funk-Stunde 1:<\/strong><br \/>\nAls 1923 die erste deutsche Radiosendung on air ging, interessierte sich der Staat nur f\u00fcr eine geordnete und kostenpflichtige Betreibung der Empfangsger\u00e4te. Das neue Medium war f\u00fcr die Politik uninteressant. Doch das sollte nicht lange so bleiben. J\u00f6rg Wagner sprach mit seinen G\u00e4sten dar\u00fcber, wie sich das deutsche Radio mal mehr, mal weniger dem Einfluss der Politik entziehen konnte.<br \/>\nMit dabei waren:<br \/>\n* <a href=\"https:\/\/kassationskunst.de\/#about\" rel=\"noopener\" target=\"_blank\">Christian Collet<\/a>, Dokumentar, Rundfunk Berlin-Brandenburg<br \/>\n* Julia Dimitroff, Mitglied bei <a href=\"https:\/\/piradio.de\/\" rel=\"noopener\" target=\"_blank\">Pi Radio Berlin<\/a>, Radio-Aktivistin der ersten Stunde f\u00fcr Freies Radio in Berlin und Brandenburg, Radio-Piratin \u201ePiratenradio P\u201c, <a href=\"http:\/\/dimitroff-geigen.de\/\" rel=\"noopener\" target=\"_blank\">Geigenbauerin<\/a><br \/>\n* <a href=\"https:\/\/www.uni-potsdam.de\/de\/medienkulturgeschichte\/mitarbeiter\/dr-kai-knoerr\" rel=\"noopener\" target=\"_blank\">Dr. Kai Kn\u00f6rr<\/a>, Institut f\u00fcr K\u00fcnste und Medien, Europ\u00e4ische Medienwissenschaft, Potsdam<br \/>\n* <a href=\"https:\/\/www.linkedin.com\/in\/nikolaus-l%C3%B6we-950997161\/?originalSubdomain=de\" rel=\"noopener\" target=\"_blank\">Nikolaus L\u00f6we<\/a>, rbb-Toningenieur, mit radiohistorischen Kenntnissen<br \/>\n* <a href=\"https:\/\/www.linkedin.com\/in\/philipp-nitzsche-28a616122\/?originalSubdomain=de\" rel=\"noopener\" target=\"_blank\">Philipp Nitzsche<\/a>, Reporter aus dem HdR-Keller<br \/>\n* <a href=\"https:\/\/www.bebraverlag.de\/autoren\/autor\/815-rainer-suckow.html\" rel=\"noopener\" target=\"_blank\">Rainer Suckow<\/a>, Welle 370, F\u00f6rderverein \u201eSenderKW\u201c e. V. Funkerberg K\u00f6nigs Wusterhausen, Autor der B\u00fccher &#8222;Eine Prise Funkgeschichte \u2013 F\u00fcnfzig Geschichten aus hundert Jahren Rundfunk\u201d, \u201eRadio! Geschichten aus 100 Jahren Rundfunk\u201c<br \/>\nOriginal-T\u00f6ne aus der hundertj\u00e4hrigen Radiogeschichte erg\u00e4nzen die Interviews.<br \/>\n<span style=\"font-size: 11pt; font-family: tahoma,arial,helvetica,sans-serif;\"><br \/>\n<strong>Funk-Stunde 2:<\/strong><br \/>\nWas macht einen guten \u00f6ffentlich-rechtlichen Rundfunk aus?<br \/>\nAb 19.00 Uhr folgte eine Podiumsdiskussion zum Entwurf des neuen rbb-Staatsvertrags, den die Landesregierungen Brandenburg und Berlin aufgesetzt haben. radioeins-Moderator Marco Seiffert debattierte mit seinen G\u00e4sten: Wieviel Transparenz und Kontrolle muss sein, wo greift der Staatsvertrag zu sehr in die Rundfunk- und Programmfreiheit des Senders ein? Was d\u00fcrfen die Beitragszahlenden von einem modernen rbb erwarten? Wie schnell muss der Wandel ins Digitale vollzogen werden und was genau zeichnet gute regionale Berichterstattung aus?<br \/>\nEs diskutieren:<br \/>\n* Ann-Kathrin Hipp, <a href=\"https:\/\/www.tagesspiegel.de\/\" rel=\"noopener\" target=\"_blank\">Der Tagesspiegel <\/a><br \/>\n* Christine Keilholz, <a href=\"https:\/\/neuelausitz.de\/\" rel=\"noopener\" target=\"_blank\">Neue Lausitz<\/a><br \/>\n* Jennifer Wilton, <a href=\"https:\/\/www.welt.de\/\" rel=\"noopener\" target=\"_blank\">Die Welt<\/a><br \/>\n* Markus Beckedahl, Gr\u00fcnder von <a href=\"https:\/\/netzpolitik.org\/\" rel=\"noopener\" target=\"_blank\">netzpolitik.org<\/a><br \/>\n* J\u00f6rg Wagner, radioeins Medienmagazin<br \/>\n<span style=\"font-size: 11pt; font-family: tahoma,arial,helvetica,sans-serif;\"><br \/>\n<strong>Podcast-Bonus:<\/strong><br \/>\n\u00b0 HdR-Keller-Rundgang (Fortsetzung)<br \/>\n* Christian Collet, Dokumentar, Rundfunk Berlin-Brandenburg<br \/>\n* Philipp Nitzsche, Reporter<br \/>\n\u00b0 <u>Was<\/u>: Podiumsgespr\u00e4ch &#8222;Frequenzbesitzer und Frequenzbesetzungen in (Ost-)Berlin und den neuen Bundesl\u00e4ndern&#8220;<br \/>\n<em>\u201cAm 29. Oktober 1923 startete der regul\u00e4re Rundfunkbetrieb in Deutschland. Damit wird das Medium Radio hierzulande 100 Jahre alt. F\u00fcr uns ein Anlass, um h\u00e4ufig verdr\u00e4ngte emanzipatorische Experimente mit dem Medium Radio zu Tage zu f\u00f6rdern. Eine Diskussionsrunde mit vielen H\u00f6rbeispielen von Piratensendern in der DDR und einem Schwerpunkt auf Freien Radioinitiativen nach 1989. Wir diskutieren mit Protagonist:innen aus dem Umfeld des schwarzen Kanals (Ost-Berlin, 1986), von Radio F.R.E.I. (Erfurt, seit 1990), Radio PT (Weimar, 1992), Radio BRN (Dresden-Neustadt, 1992\/93), sowie dem Rundfunk-Forscher Alex K\u00f6rner.\u201d<\/em><br \/>\n<u>Wo<\/u>: Haus der Demokratie und Menschenrechte, Berlin, Greifswalder Str. 4<br \/>\n<u>Wann<\/u>: Donnerstag, 12.10.2023, 19:00 Uhr<br \/>\n<u>Wer<\/u>: Freundeskreis Freier Radios, c\/o Corax e. V. \u2013 Initiative f\u00fcr Freies Radio<br \/>\nIn Kooperation mit dem Bildungswerk Berlin der Heinrich-B\u00f6ll-Stiftung<br \/>\n<a href=\"https:\/\/anderesradio.de\/\" rel=\"noopener\" target=\"_blank\">https:\/\/anderesradio.de\/<\/a><\/p>\n<div style=\"height: 40px;\"><\/div>\n<figure id=\"attachment_53461\" aria-describedby=\"caption-attachment-53461\" style=\"width: 1024px\" class=\"wp-caption alignnone\"><img loading=\"lazy\" decoding=\"async\" src=\"https:\/\/www.wwwagner.tv\/wp-content\/uploads\/20231028_podcast_twitter_1280x720.jpg\" alt=\"\" width=\"1024\" height=\"576\" class=\"size-full wp-image-53461\" srcset=\"https:\/\/www.wwwagner.tv\/wp-content\/uploads\/20231028_podcast_twitter_1280x720.jpg 1024w, https:\/\/www.wwwagner.tv\/wp-content\/uploads\/20231028_podcast_twitter_1280x720-300x169.jpg 300w, https:\/\/www.wwwagner.tv\/wp-content\/uploads\/20231028_podcast_twitter_1280x720-768x432.jpg 768w\" sizes=\"auto, (max-width: 1024px) 100vw, 1024px\" \/><figcaption id=\"caption-attachment-53461\" class=\"wp-caption-text\">100 Jahre Radio<\/figcaption><\/figure>\n<hr \/>\n<div style=\"height: 5px;\"><\/div>\n<p><html><br \/>\n     <head><\/p>\n<style type=\"text\/css\">\n       body {\n                     background: #DADADA;\n       }\n      <\/style>\n<p>     <\/head><br \/>\n     <body><br \/>\n<\/body><br \/>\n    <\/html><\/span><\/span><\/span><\/span><\/span><\/p>\n","protected":false},"excerpt":{"rendered":"<p>No audio playback capabilities, please download the audio belowDownload Audio: Closed Format: MP3 Download (verlinkte Audio-Quelle bis zur Depublizierung: rbb, radioeins) * via radioeins.de * via ARD-Audiothek * via spotify * via Apple PodCasts * via ALEXA: &#8222;Alexa, spiele Medienmagazin (von radioeins!)&#8220; * via Google Home: &#8222;Ok, Google, spiele radioeins Medienmagazin!&#8220; * via Amazonmusic (00:00) [&hellip;]<\/p>\n","protected":false},"author":2,"featured_media":51003,"comment_status":"closed","ping_status":"open","sticky":false,"template":"","format":"standard","meta":{"_monsterinsights_skip_tracking":false,"_monsterinsights_sitenote_active":false,"_monsterinsights_sitenote_note":"","_monsterinsights_sitenote_category":0,"footnotes":""},"categories":[4],"tags":[1361,1103,607,88],"class_list":["post-53457","post","type-post","status-publish","format-standard","has-post-thumbnail","hentry","category-medienmagazin","tag-100jahreradio","tag-medienstaatsvertrag","tag-radio","tag-rbb"],"_links":{"self":[{"href":"https:\/\/www.wwwagner.tv\/index.php?rest_route=\/wp\/v2\/posts\/53457","targetHints":{"allow":["GET"]}}],"collection":[{"href":"https:\/\/www.wwwagner.tv\/index.php?rest_route=\/wp\/v2\/posts"}],"about":[{"href":"https:\/\/www.wwwagner.tv\/index.php?rest_route=\/wp\/v2\/types\/post"}],"author":[{"embeddable":true,"href":"https:\/\/www.wwwagner.tv\/index.php?rest_route=\/wp\/v2\/users\/2"}],"replies":[{"embeddable":true,"href":"https:\/\/www.wwwagner.tv\/index.php?rest_route=%2Fwp%2Fv2%2Fcomments&post=53457"}],"version-history":[{"count":6,"href":"https:\/\/www.wwwagner.tv\/index.php?rest_route=\/wp\/v2\/posts\/53457\/revisions"}],"predecessor-version":[{"id":53464,"href":"https:\/\/www.wwwagner.tv\/index.php?rest_route=\/wp\/v2\/posts\/53457\/revisions\/53464"}],"wp:featuredmedia":[{"embeddable":true,"href":"https:\/\/www.wwwagner.tv\/index.php?rest_route=\/wp\/v2\/media\/51003"}],"wp:attachment":[{"href":"https:\/\/www.wwwagner.tv\/index.php?rest_route=%2Fwp%2Fv2%2Fmedia&parent=53457"}],"wp:term":[{"taxonomy":"category","embeddable":true,"href":"https:\/\/www.wwwagner.tv\/index.php?rest_route=%2Fwp%2Fv2%2Fcategories&post=53457"},{"taxonomy":"post_tag","embeddable":true,"href":"https:\/\/www.wwwagner.tv\/index.php?rest_route=%2Fwp%2Fv2%2Ftags&post=53457"}],"curies":[{"name":"wp","href":"https:\/\/api.w.org\/{rel}","templated":true}]}}