{"id":53481,"date":"2023-11-11T18:05:25","date_gmt":"2023-11-11T16:05:25","guid":{"rendered":"https:\/\/www.wwwagner.tv\/?p=53481"},"modified":"2023-11-15T14:26:15","modified_gmt":"2023-11-15T12:26:15","slug":"medienmagazin-vom-11-11-2023","status":"publish","type":"post","link":"https:\/\/www.wwwagner.tv\/?p=53481","title":{"rendered":"Medienmagazin vom 11.11.2023"},"content":{"rendered":"<p> <audio   controls > <source src=\"https:\/\/rbbmediapmdp-a.akamaihd.net\/content\/f1\/d8\/f1d8643d-7f83-4354-b83c-cb15e683d74d\/af60d7c3-cb1a-49ea-b38f-d80bf5619dfa_9b600b6d-4e36-4cac-940c-6e73b9f5a0da.mp3\" type='audio\/mpeg' \/> <object   type=\"application\/x-shockwave-flash\"  data=\"https:\/\/www.wwwagner.tv\/wp-content\/plugins\/wphtml5player\/inc\/flowplayer.swf\"  width=\"400\"  height=\"30\"> <param name=\"movie\" value='https:\/\/www.wwwagner.tv\/wp-content\/plugins\/wphtml5player\/inc\/flowplayer.swf' \/><param name=\"allowfullscreen\" value='false' \/><param name=\"cachebusting\" value='true' \/><param name=\"bgcolor\" value='#000000' \/><param name=\"flashvars\" value='config={\"plugins\":{\"controls\":{\"height\":30,\"autoHide\":false,\"fullscreen\":false}},\"clip\":{\"autoPlay\":false,\"url\":\"https:\\\/\\\/rbbmediapmdp-a.akamaihd.net\\\/content\\\/f1\\\/d8\\\/f1d8643d-7f83-4354-b83c-cb15e683d74d\\\/af60d7c3-cb1a-49ea-b38f-d80bf5619dfa_9b600b6d-4e36-4cac-940c-6e73b9f5a0da.mp3\"},\"playlist\":[{\"autoPlay\":false,\"url\":\"https:\\\/\\\/rbbmediapmdp-a.akamaihd.net\\\/content\\\/f1\\\/d8\\\/f1d8643d-7f83-4354-b83c-cb15e683d74d\\\/af60d7c3-cb1a-49ea-b38f-d80bf5619dfa_9b600b6d-4e36-4cac-940c-6e73b9f5a0da.mp3\"}],\"play\":{\"opacity\":0}}' \/>  No audio playback capabilities, please download the audio below<br \/><strong>Download Audio:<\/strong> Closed Format: <a href=\"https:\/\/rbbmediapmdp-a.akamaihd.net\/content\/f1\/d8\/f1d8643d-7f83-4354-b83c-cb15e683d74d\/af60d7c3-cb1a-49ea-b38f-d80bf5619dfa_9b600b6d-4e36-4cac-940c-6e73b9f5a0da.mp3\">MP3<\/a> <\/object> <!-- Generated by HTML5 Multimedia Framework (http:\/\/code.google.com\/p\/html5videoplayer) --> <\/audio>  <br \/>\n<a href=\"https:\/\/rbbmediapmdp-a.akamaihd.net\/content\/f1\/d8\/f1d8643d-7f83-4354-b83c-cb15e683d74d\/af60d7c3-cb1a-49ea-b38f-d80bf5619dfa_9b600b6d-4e36-4cac-940c-6e73b9f5a0da.mp3\" target=\"_blank\" rel=\"noopener noreferrer\">Download<\/a><br \/>\n<span style=\"color: #666666;\"> (verlinkte Audio-Quelle bis zur Depublizierung: rbb, radioeins)<\/span><br \/>\n* via <a href=\"http:\/\/bit.ly\/UiK8m2\" rel=\"noopener noreferrer\" target=\"_blank\">radioeins.de<\/a><br \/>\n* via <a href=\"http:\/\/bit.ly\/2QPyw0c\" rel=\"noopener noreferrer\" target=\"_blank\">ARD-Audiothek<\/a><br \/>\n* via <a href=\"https:\/\/open.spotify.com\/show\/7xVQUA4ge6g5IUsCYk5qtE?si=d4af4d1f18f94ddc\" rel=\"noopener\" target=\"_blank\">spotify<\/a><br \/>\n* via <a href=\"https:\/\/podcasts.apple.com\/de\/podcast\/medienmagazin\/id160843212\" rel=\"noopener\" target=\"_blank\">Apple PodCasts<\/a><br \/>\n* via ALEXA: &#8222;Alexa, spiele Medienmagazin (von radioeins!)&#8220;<br \/>\n* via Google Home: &#8222;Ok, Google, spiele radioeins Medienmagazin!&#8220;<br \/>\n* via <a href=\"https:\/\/music.amazon.de\/podcasts\/7afb1048-853d-4021-a704-7ba7e902e6ac\/medienmagazin\" rel=\"noopener\" target=\"_blank\">Amazonmusic<\/a><\/p>\n<p>(00:00) INTRO: Bremer Fernsehpreis 2023 | (04:13) ARD: Acht Milliarden Brutto-Wertsch\u00f6pfung durch den Senderverbund &#8211; Dr. Susanne Pfab &#8211; Prof. Dr. Dennis A. Ostwald &#8211; Dr. Kai Gniffke | (13:09) AUDIO: Trends in Berlin und Brandenburg bei der Audionutzung &#8211; Dr. Eva Flecken | (23:17) RADIO: Die mabb-Radioschool &#8211; Offene T\u00fcr f\u00fcr alle, die Radio machen wollen &#8211; Daniel Claus &#8211; Tim Bosse &#8211; Philipp Nitzsche | (32:59) in memoriam: Hans Meiser | (39:42) BONUS: Die Anf\u00e4nge von Daniel Claus &#8211; Philipp Nitzsche | (45:47) BONUS: ARD-Online-Pressegespr\u00e4ch, 08.11.2023, 14 Uhr || J\u00f6rg Wagner<\/p>\n<div style=\"height: 10px;\"><\/div>\n<hr \/>\n<div style=\"height: 10px;\"><\/div>\n<p><span style=\"font-size: 11pt; font-family: tahoma,arial,helvetica,sans-serif;\"><br \/>\n<strong>INTRO: Bremer Fernsehpreis 2023<\/strong><br \/>\nAusschnitte aus der Preisverleihung vom 10.11.2023 mit<br \/>\n* Frank Plasberg, Moderator<br \/>\n* Ausschnitt aus der Recherche zu Rechtsextremismus an Brandenburger Schule<br \/>\n* Hans Helmich, Jury, Deutsche Welle<br \/>\n* Jo Goll, rbb<br \/>\n* Sebastian Schiller, rbb<br \/>\n<span style=\"font-size: 11pt; font-family: tahoma,arial,helvetica,sans-serif;\"><br \/>\n<strong>1. ARD: Acht Milliarden Brutto-Wertsch\u00f6pfung durch den Senderverbund<\/strong><br \/>\nEine am 08.11.2023 ver\u00f6ffentlichte <a href=\"https:\/\/www.ard.de\/die-ard\/2023-11-Studie-zum-oekonomischen-Nutzen-der-ARD-100.pdf\" rel=\"noopener\" target=\"_blank\">Studie<\/a> des Forschungsinstituts WifOR im Auftrag der ARD bescheinigt dem Senderverbund, 2022 rund 8 Milliarden Euro zur Bruttowertsch\u00f6pfung in Deutschland beigetragen zu haben. Mehr als 55.000 Arbeitspl\u00e4tze au\u00dferhalb der ARD seien dadurch gesichert worden, zus\u00e4tzlich zu den internen 21.000 Stellen. 2015 waren es noch 73.000 weitere Arbeits\u00adpl\u00e4tze. Die ARD begr\u00fcndet das mit der Inflation.<br \/>\nAusschnitte aus einem Pressegespr\u00e4ch vom 08.11.2023, 14:00 Uhr mit:<br \/>\n* Dr. Susanne Pfab, ARD-Generalsekret\u00e4rin<br \/>\n* Prof. Dr. Dennis A. Ostwald, Gr\u00fcnder und CEO von WifOR Institute<br \/>\n* Dr. Kai Gniffke, ARD-Vorsitzender<br \/>\nJ\u00f6rg Wagner<br \/>\n<span style=\"font-size: 11pt; font-family: tahoma,arial,helvetica,sans-serif;\"><br \/>\n<strong>2. AUDIO: Trends in Berlin und Brandenburg bei der Audionutzung<\/strong><br \/>\nDie Medienanstalt Berlin-Brandenburg (mabb) hat am 07.11.2023 neueste Zahlen mit den \u201cAudio Trends 2023\u201d und dem \u201cOnline-Audio-Monitor 2023\u201d zur Digitalisierung des H\u00f6rfunks, sowie zur Online-Audio-Nutzung in Berlin und im Land Brandenburg <a href=\"https:\/\/mabb.de\/foerderung\/audio\/laenderberichte-zur-audio-nutzung.html\" rel=\"noopener\" target=\"_blank\">ver\u00f6ffentlicht<\/a>. \u201cUKW bleibt die meistgenutzte Radioempfangsart in Berlin und Brandenburg, die Nutzung von Online-Audio w\u00e4chst auch nach der Zeit der Corona-Lockdowns weiter. 2,3 Mio. Personen in Berlin und Brandenburg nutzen Online-Audio-Angebote wie Webradio, Musikstreaming, Podcasts und H\u00f6rb\u00fccher t\u00e4glich; 3,8 Mio. zumindest gelegentlich.\u201d<br \/>\nStudiolink-Schaltgespr\u00e4ch mit Dr. Eva Flecken, Direktorin der mabb (Aufzeichnung, 09.11.2023, 17:00 Uhr)<br \/>\nJ\u00f6rg Wagner<br \/>\n<span style=\"font-size: 11pt; font-family: tahoma,arial,helvetica,sans-serif;\"><br \/>\n<strong>3. RADIO: Die mabb-Radioschool &#8211; Offene T\u00fcr f\u00fcr alle, die Radio machen wollen<\/strong><br \/>\nZweimal im Jahr haben Radiointeressierte, die selbst Radioprogramme gestalten wollen, die M\u00f6glichkeit, gef\u00f6rdert von der mabb aus Beitragsgeldern, sich im <a href=\"https:\/\/www.miz-babelsberg.de\/startseite.html\" rel=\"noopener\" target=\"_blank\">MIZ Potsdam-Babelsberg<\/a> sich weiterzubilden. F\u00fcr die Interessenten ist das Angebot gratis.<br \/>\nInterviews mit:<br \/>\n* Daniel Claus, Dozent mabb-Radioschool, Moderator beim rbb-Radio Fritz<br \/>\n* Tim Bosse, Leiter Ausbildungsrundfunk, Medienkompetenz u. Weiterbildung Alex Berlin, mabb<br \/>\nAutor: Philipp Nitzsche (Aufzeichnung)<br \/>\n<span style=\"font-size: 11pt; font-family: tahoma,arial,helvetica,sans-serif;\"><br \/>\n<strong>4. in memoriam: Hans Meiser<\/strong><br \/>\nHans Meiser begann seine Medienkarriere schon als Sch\u00fcler beim SDR und sp\u00e4ter beim S\u00fcdwestfunk 1970 in Baden-Baden. Dort war er Gr\u00fcndungsmitglied der Sendung &#8222;Pop-Shop&#8220;, Vorl\u00e4ufer von SWF 3. Ein Jahr sp\u00e4ter wechselte er zu Radio Luxemburg und 1983 zum Fernsehen von Radio Luxemburg RTLplus. Damit geh\u00f6rte er zu den Pionieren des Privatfernsehens vor 40 Jahren. Er pr\u00e4sentierte zun\u00e4chst die &#8222;Nachrichten 7 vor 7\u201c und sp\u00e4ter andere Formate, wie die t\u00e4gliche Talkshow \u201eHans Meiser\u201c und die Blaulicht-Sendung \u201eNotruf\u201c. 2015 bis 2017 hatte er auch regelm\u00e4\u00dfiger Gastauftritte als &#8222;Kleiner Mann&#8220; bei Jan B\u00f6hmermann im Neo Magazin Royale. Die Zusammenarbeit wurde beendet, als bekannt wurde, dass Meiser f\u00fcr das Onlineportal Watergate.tv Werbespots eingesprochen hatte. Gegen die Behauptung, er w\u00fcrde in diesem Zusammenhang rechtspopulistische Verschw\u00f6rungsmythen verbreiten oder unterst\u00fctzen, wehrte er sich bis zu seinem Lebensende. Das kam sehr pl\u00f6tzlich, am 30.10.2023, kurz nachdem er am 29.10.2023, am 100. Radiogeburtstag als Mitgr\u00fcnder das Radioprojekt \u201eWellenrausch\u201c in L\u00fcbeck startete.<br \/>\nO-Ton-Vorsetzer: Stefan Raab \u201eTribute to Hans Meiser\u201c (1995)<br \/>\nO-Ton-Statement: Hans Meiser zu den Vorbereitungen des Privatfernsehens bei RTL+ vor 40 Jahren im November 1983. (L\u00e4nge 3:40)<br \/>\n+ RTL+Kennung \u201e7 vor7&#8243;<br \/>\nAutor: Guido Meyer (Aufzeichnung 22.01.2023)<br \/>\n<span style=\"font-size: 11pt; font-family: tahoma,arial,helvetica,sans-serif;\"><br \/>\n<strong>Podcast Bonus:<\/strong><br \/>\n\u00b0 Das Radiomacher-Leben von Daniel Claus, Moderator beim rbb-Radio Fritz<br \/>\nAutor: Philipp Nitzsche<br \/>\n\u00b0 ARD-Pressegespr\u00e4ch zur WifOR-Studie, 08.11.2023, 14:00 Uhr<\/p>\n<div style=\"height: 40px;\"><\/div>\n<figure id=\"attachment_53484\" aria-describedby=\"caption-attachment-53484\" style=\"width: 1024px\" class=\"wp-caption alignnone\"><img loading=\"lazy\" decoding=\"async\" src=\"https:\/\/www.wwwagner.tv\/wp-content\/uploads\/20231111_podcast_twitter_1024\u00d7576.jpg\" alt=\"\" width=\"1024\" height=\"576\" class=\"size-full wp-image-53484\" srcset=\"https:\/\/www.wwwagner.tv\/wp-content\/uploads\/20231111_podcast_twitter_1024\u00d7576.jpg 1024w, https:\/\/www.wwwagner.tv\/wp-content\/uploads\/20231111_podcast_twitter_1024\u00d7576-300x169.jpg 300w, https:\/\/www.wwwagner.tv\/wp-content\/uploads\/20231111_podcast_twitter_1024\u00d7576-768x432.jpg 768w\" sizes=\"auto, (max-width: 1024px) 100vw, 1024px\" \/><figcaption id=\"caption-attachment-53484\" class=\"wp-caption-text\">Acht Milliarden Brutto-Wertsch\u00f6pfung durch den Senderverbund<\/figcaption><\/figure>\n<hr \/>\n<div style=\"height: 5px;\"><\/div>\n<p><html><br \/>\n     <head><\/p>\n<style type=\"text\/css\">\n       body {\n                     background: #DADADA;\n       }\n      <\/style>\n<p>     <\/head><br \/>\n     <body><br \/>\n<\/body><br \/>\n    <\/html><\/span><\/span><\/span><\/span><\/span><\/span><\/p>\n","protected":false},"excerpt":{"rendered":"<p>No audio playback capabilities, please download the audio belowDownload Audio: Closed Format: MP3 Download (verlinkte Audio-Quelle bis zur Depublizierung: rbb, radioeins) * via radioeins.de * via ARD-Audiothek * via spotify * via Apple PodCasts * via ALEXA: &#8222;Alexa, spiele Medienmagazin (von radioeins!)&#8220; * via Google Home: &#8222;Ok, Google, spiele radioeins Medienmagazin!&#8220; * via Amazonmusic (00:00) [&hellip;]<\/p>\n","protected":false},"author":2,"featured_media":51003,"comment_status":"closed","ping_status":"open","sticky":false,"template":"","format":"standard","meta":{"_monsterinsights_skip_tracking":false,"_monsterinsights_sitenote_active":false,"_monsterinsights_sitenote_note":"","_monsterinsights_sitenote_category":0,"footnotes":""},"categories":[4],"tags":[30,851,61,607,93],"class_list":["post-53481","post","type-post","status-publish","format-standard","has-post-thumbnail","hentry","category-medienmagazin","tag-ard","tag-audio","tag-mabb","tag-radio","tag-rtl"],"_links":{"self":[{"href":"https:\/\/www.wwwagner.tv\/index.php?rest_route=\/wp\/v2\/posts\/53481","targetHints":{"allow":["GET"]}}],"collection":[{"href":"https:\/\/www.wwwagner.tv\/index.php?rest_route=\/wp\/v2\/posts"}],"about":[{"href":"https:\/\/www.wwwagner.tv\/index.php?rest_route=\/wp\/v2\/types\/post"}],"author":[{"embeddable":true,"href":"https:\/\/www.wwwagner.tv\/index.php?rest_route=\/wp\/v2\/users\/2"}],"replies":[{"embeddable":true,"href":"https:\/\/www.wwwagner.tv\/index.php?rest_route=%2Fwp%2Fv2%2Fcomments&post=53481"}],"version-history":[{"count":8,"href":"https:\/\/www.wwwagner.tv\/index.php?rest_route=\/wp\/v2\/posts\/53481\/revisions"}],"predecessor-version":[{"id":53490,"href":"https:\/\/www.wwwagner.tv\/index.php?rest_route=\/wp\/v2\/posts\/53481\/revisions\/53490"}],"wp:featuredmedia":[{"embeddable":true,"href":"https:\/\/www.wwwagner.tv\/index.php?rest_route=\/wp\/v2\/media\/51003"}],"wp:attachment":[{"href":"https:\/\/www.wwwagner.tv\/index.php?rest_route=%2Fwp%2Fv2%2Fmedia&parent=53481"}],"wp:term":[{"taxonomy":"category","embeddable":true,"href":"https:\/\/www.wwwagner.tv\/index.php?rest_route=%2Fwp%2Fv2%2Fcategories&post=53481"},{"taxonomy":"post_tag","embeddable":true,"href":"https:\/\/www.wwwagner.tv\/index.php?rest_route=%2Fwp%2Fv2%2Ftags&post=53481"}],"curies":[{"name":"wp","href":"https:\/\/api.w.org\/{rel}","templated":true}]}}