{"id":53847,"date":"2024-04-13T18:05:32","date_gmt":"2024-04-13T16:05:32","guid":{"rendered":"https:\/\/www.wwwagner.tv\/?p=53847"},"modified":"2024-05-22T22:03:20","modified_gmt":"2024-05-22T20:03:20","slug":"medienmagazin-vom-13-04-2024","status":"publish","type":"post","link":"https:\/\/www.wwwagner.tv\/?p=53847","title":{"rendered":"Medienmagazin vom 13.04.2024"},"content":{"rendered":"<p> <audio   controls > <source src=\"https:\/\/rbbmediapmdp-a.akamaihd.net\/content\/f5\/ab\/f5ab3a20-6f5e-4c90-a2a4-b0c463444336\/279cc704-fa80-40dd-a1f0-e0e56f004afd_32c7f416-4680-49c2-bcb8-32a7cb6464bc.mp3\" type='audio\/mpeg' \/> <object   type=\"application\/x-shockwave-flash\"  data=\"https:\/\/www.wwwagner.tv\/wp-content\/plugins\/wphtml5player\/inc\/flowplayer.swf\"  width=\"400\"  height=\"30\"> <param name=\"movie\" value='https:\/\/www.wwwagner.tv\/wp-content\/plugins\/wphtml5player\/inc\/flowplayer.swf' \/><param name=\"allowfullscreen\" value='false' \/><param name=\"cachebusting\" value='true' \/><param name=\"bgcolor\" value='#000000' \/><param name=\"flashvars\" value='config={\"plugins\":{\"controls\":{\"height\":30,\"autoHide\":false,\"fullscreen\":false}},\"clip\":{\"autoPlay\":false,\"url\":\"https:\\\/\\\/rbbmediapmdp-a.akamaihd.net\\\/content\\\/f5\\\/ab\\\/f5ab3a20-6f5e-4c90-a2a4-b0c463444336\\\/279cc704-fa80-40dd-a1f0-e0e56f004afd_32c7f416-4680-49c2-bcb8-32a7cb6464bc.mp3\"},\"playlist\":[{\"autoPlay\":false,\"url\":\"https:\\\/\\\/rbbmediapmdp-a.akamaihd.net\\\/content\\\/f5\\\/ab\\\/f5ab3a20-6f5e-4c90-a2a4-b0c463444336\\\/279cc704-fa80-40dd-a1f0-e0e56f004afd_32c7f416-4680-49c2-bcb8-32a7cb6464bc.mp3\"}],\"play\":{\"opacity\":0}}' \/>  No audio playback capabilities, please download the audio below<br \/><strong>Download Audio:<\/strong> Closed Format: <a href=\"https:\/\/rbbmediapmdp-a.akamaihd.net\/content\/f5\/ab\/f5ab3a20-6f5e-4c90-a2a4-b0c463444336\/279cc704-fa80-40dd-a1f0-e0e56f004afd_32c7f416-4680-49c2-bcb8-32a7cb6464bc.mp3\">MP3<\/a> <\/object> <!-- Generated by HTML5 Multimedia Framework (http:\/\/code.google.com\/p\/html5videoplayer) --> <\/audio>  <br \/>\n<a href=\"https:\/\/rbbmediapmdp-a.akamaihd.net\/content\/f5\/ab\/f5ab3a20-6f5e-4c90-a2a4-b0c463444336\/279cc704-fa80-40dd-a1f0-e0e56f004afd_32c7f416-4680-49c2-bcb8-32a7cb6464bc.mp3\" target=\"_blank\" rel=\"noopener noreferrer\">Download<\/a><br \/>\n<span style=\"color: #666666;\"> (verlinkte Audio-Quelle bis zur Depublizierung: rbb, radioeins)<\/span><br \/>\n* via <a href=\"http:\/\/bit.ly\/UiK8m2\" rel=\"noopener noreferrer\" target=\"_blank\">radioeins.de<\/a><br \/>\n* via <a href=\"http:\/\/bit.ly\/2QPyw0c\" rel=\"noopener noreferrer\" target=\"_blank\">ARD-Audiothek<\/a><br \/>\n* via <a href=\"https:\/\/open.spotify.com\/show\/7xVQUA4ge6g5IUsCYk5qtE?si=d4af4d1f18f94ddc\" rel=\"noopener\" target=\"_blank\">spotify<\/a><br \/>\n* via <a href=\"https:\/\/podcasts.apple.com\/de\/podcast\/medienmagazin\/id160843212\" rel=\"noopener\" target=\"_blank\">Apple PodCasts<\/a><br \/>\n* via ALEXA: &#8222;Alexa, spiele Medienmagazin (von radioeins!)&#8220;<br \/>\n* via Google Home: &#8222;Ok, Google, spiele radioeins Medienmagazin!&#8220;<br \/>\n* via <a href=\"https:\/\/music.amazon.de\/podcasts\/7afb1048-853d-4021-a704-7ba7e902e6ac\/medienmagazin\" rel=\"noopener\" target=\"_blank\">Amazonmusic<\/a><\/p>\n<p>(00:00) INTRO: USA &#8211; Assange | (02:37) RBB: Rundfunkrat mit Wahl der neuen Programmdirektorin &#8211; Ulrike Demmer &#8211; Katrin G\u00fcnther &#8211; Benjamin Ehlers | (10:05) SLOWAKEI 1: RTVS, der \u00f6ffentlich-rechtliche Rundfunk unter Druck &#8211; Kay Zeisberg &#8211; Philipp Nitzsche | (21:17) SLOWAKEI 2 &#8211; \u013dubo\u0161 Machaj &#8211; Kay Zeisberg | (26:32) ARD: Archivradio stellt historische Tondokumente bereit &#8211; G\u00e1bor Pa\u00e1l | (39:54) BONUS: Wolfgang Menge &#8211; 10.04.2004 | (53:17) BONUS: rbb-Rundfunkratssitzung &#8211; TOP 1, TOP 2 &#8211; Begr\u00fc\u00dfung, Verabschiedung des Protokolls | (1:00:02) BONUS: TOP 3 &#8211; Bericht des Rundfunkratsvorsitzenden &#8211; Oliver B\u00fcrgel | (1:11:09) BONUS: TOP 4 &#8211; Bericht der Intendantin &#8211; Ulrike Demmer | (1:33:53) BONUS: TOP 5 &#8211; Wahl einer Programmdirektorin &#8211; Katrin G\u00fcnther | (1:54:07) BONUS: TOP 6 &#8211; Bericht des Verwaltungsratsvorsitzenden &#8211; Benjamin Ehlers | (2:10:13) BONUS: TOP 7 &#8211; Berichte aus den Aussch\u00fcssen &#8211; Dr. Moshe Abraham Offenberg | (2:33:44) BONUS: TOP 8 &#8211; Programmbeschwerden &#8211; Dr. Moshe Abraham Offenberg | (2:45:27) BONUS: TOP 9 Aktualisierung der ARD-Verfahrensordnung f\u00fcr Telemedien und der Verfahrensordnung f\u00fcr rbb-Telemedien sowie Erlass einer ARD-Verfahrensordnung zur Einstellung, \u00dcberf\u00fchrung und zum Austausch von Programmen (Flexibilisierung) &#8211; Dr. Kerstin Skiba | (2:51:35) BONUS: TOP 10 &#8211; Stand Prozess Lutz &#038; Abel &#8211; Benjamin Ehlers | (3:37:40) TOP 11 &#8211; Berichte aus den Vertretungen &#8211; Sabine Jauer &#8211; Christoph Reinhardt | (3:50:06) BONUS: TOP 12 &#8211; Bericht aus dem Aufsichtsrat der rbb-media &#8211; Erik Stohn | (3:54:03) TOP 13 &#8211; Bericht zum Stand des Public Corporate Governance Kodex der ARD (PCGK) Elisabeth Herzog-von der Heide | (3:55:05) TOP 14 &#8211; Weiteres Vorgehen zu Reformempfehlungen des Zukunftsrats &#8211; Oliver B\u00fcrgel | (3:58:52) TOP 15 Verschiedenes, Manifest &#8211; Dennis Hohloch || J\u00f6rg Wagner<\/p>\n<div style=\"height: 10px;\"><\/div>\n<hr \/>\n<div style=\"height: 10px;\"><\/div>\n<p><span style=\"font-size: 11pt; font-family: tahoma,arial,helvetica,sans-serif;\"><br \/>\n<strong>INTRO: Hoffnung f\u00fcr Assange<\/strong><br \/>\nO-Ton:<br \/>\n* tagesschau, 11.04.2024, 17:00 Uhr<br \/>\n* Geleaktes US-Milit\u00e4rvideo, Bagdad, 2007, wikileaks<br \/>\n<span style=\"font-size: 11pt; font-family: tahoma,arial,helvetica,sans-serif;\"><br \/>\n<strong>1. RBB: Rundfunkrat mit Wahl der neuen Programmdirektorin<\/strong><br \/>\nAm 11.04.2024 trat der rbb-Rundfunkrat zu seiner 137. Sitzung zusammen. Er w\u00e4hlte u. a. eine rbb-Programmdirektorin auf Vorschlag der Intendantin, besprach die Finanzsituation, sowie die Aufkl\u00e4rungsarbeit der \u00c4ra Schlesinger<br \/>\nO-T\u00f6ne aus der Sitzung von:<br \/>\n* Ulrike Demmer, rbb-Intendantin<br \/>\n* Katrin G\u00fcnther, neue rbb-Programmdirektorin ab August 2024<br \/>\n* Benjamin Ehlers, rbb-Verwaltungsratsvorsitzender<br \/>\nJ\u00f6rg Wagner (Aufzeichnung, 11.04.2024, ab 16 Uhr in Potsdam)<br \/>\n<span style=\"font-size: 11pt; font-family: tahoma,arial,helvetica,sans-serif;\"><br \/>\n<strong>2a. SLOWAKEI: RTVS &#8211; der \u00f6ffentlich-rechtliche Rundfunk unter Druck<\/strong><br \/>\nNach den Pr\u00e4sidentschaftswahlen in der Slowakei ist die Unabh\u00e4ngigkeit des \u00f6ffentlich-rechtlichen Rundfunks in Gefahr. Die slowakische Regierung unter dem linksnationalistischen Populisten Robert Fico plant, den \u00f6ffentlich-rechtlichen Rundfunk umzubauen. Es wurden neue Gesetzesentw\u00fcrfe vorgelegt, die die M\u00f6glichkeit einer Entlassung des Generaldirektors und aller Vorstandsmitglieder von RTVS durch die Regierung erm\u00f6glicht, sowie eine neue Regelung zur Wahl eines neuen Generaldirektors festgelegt. Die neue Regierung hat dann unmittelbaren Einfluss auf die F\u00fchrungsebene des \u00f6ffentlich-rechtlichen Rundfunks in der Slowakei. Die Opposition sieht darin die Schaffung eines regierungsnahen Propagandasenders.<br \/>\n* Jingle: Radio Slowakei International<br \/>\n* Kay Zeisberg, Redakteur, Radio Slowakei International<br \/>\nQuelle: Medienmagazin 23.09.2023<br \/>\nInterview mit Kay Zeisberg, Redakteur, Radio Slowakei International (Deutsches Programm) in Bratislava<br \/>\nAutor: Philipp Nitzsche (Aufzeichnung)<br \/>\n<span style=\"font-size: 11pt; font-family: tahoma,arial,helvetica,sans-serif;\"><br \/>\n<strong>2b. SLOWAKEI:<\/strong><br \/>\nKennung RTVS<br \/>\nGespr\u00e4ch von Kay Zeisberg mit dem RTVS-Generaldirektor \u013dubo\u0161 Machaj<br \/>\n<span style=\"font-size: 11pt; font-family: tahoma,arial,helvetica,sans-serif;\"><br \/>\n<strong>3. ARD: Archivradio stellt historische Tondokumente bereit<\/strong><br \/>\nDie ARD ist \u00fcber die Jahrzehnte ihres Bestehens systematisch zum Chronisten von Zeitgeschichte geworden. In den ARD-Archiven lagern neben den Filmen, Videob\u00e4ndern auch unz\u00e4hlige Tondokumente der Radiosender, die gelegentlich f\u00fcr Spezialzwecke auch Eingang in aktuelle Produktionen finden. Der S\u00fcdwestrundfunk hatte bereits 2007 das &#8222;SWR2 Archivradio&#8220; gegr\u00fcndet, um solche historischen Tonaufnahmen kontinuierlich der \u00d6ffentlichkeit zug\u00e4nglich zu machen. Seit dem 01.04.2024 wurde daraus unter Federf\u00fchrung des SWR ein ARD-weites Angebot mit dem Titel &#8222;Archivradio &#8211; Geschichte im Original\u201c.<br \/>\nSchaltgespr\u00e4ch mit G\u00e1bor Pa\u00e1l, SWR-Leiter Abteilung Wissenschaft und Bildung und seit Jahren Pr\u00e4sentator des Archivradios<br \/>\nJ\u00f6rg Wagner (Aufzeichnung, 03.04.2024, 16:00 Uhr)<br \/>\nVgl.:<br \/>\n* <a href=\"https:\/\/www.ardaudiothek.de\/sendung\/archivradio-geschichte-im-original\/60633180\/\" rel=\"noopener\" target=\"_blank\">Archivradio in der ARD Audiothek<\/a><br \/>\n* Archivradio bei <a href=\"https:\/\/www.swr.de\/swr2\/wissen\/archivradio\/index.html\" rel=\"noopener\" target=\"_blank\">SWR<\/a><br \/>\n<span style=\"font-size: 11pt; font-family: tahoma,arial,helvetica,sans-serif;\"><br \/>\n<strong>PODCAST-BONUS:<\/strong><br \/>\n\u00b0 GEDENKEN: Zum 100. Geburtstag von Fernsehautor Wolfgang Menge (1924-2012)<br \/>\nStudiogespr\u00e4ch \u00fcber Produktivit\u00e4t, Talkshow und das Beste am DDR-Fernsehen<br \/>\nO-T\u00f6ne: Ausschnitte aus &#8222;Stahlnetz&#8220;, &#8222;Ein Herz &#8230;&#8220;, &#8222;Tatort\u201c, &#8222;Motzki&#8220;, &#8222;Das Millionenspiel&#8220;, &#8222;III nach 9&#8220;<br \/>\nJ\u00f6rg Wagner<br \/>\nQuelle: radioeins-Medienmagazin vom 10.04.2004<br \/>\n<span style=\"font-size: 11pt; font-family: tahoma,arial,helvetica,sans-serif;\"><br \/>\n\u00b0 RUNDFUNKRAT: 137. Sitzung<br \/>\n11.04.2024, 16 Uhr, Potsdam<\/p>\n<figure id=\"attachment_53848\" aria-describedby=\"caption-attachment-53848\" style=\"width: 1024px\" class=\"wp-caption alignnone\"><img loading=\"lazy\" decoding=\"async\" src=\"https:\/\/www.wwwagner.tv\/wp-content\/uploads\/20240413_podcast_twitter_1024x576.jpg\" alt=\"\" width=\"1024\" height=\"576\" class=\"size-full wp-image-53848\" srcset=\"https:\/\/www.wwwagner.tv\/wp-content\/uploads\/20240413_podcast_twitter_1024x576.jpg 1024w, https:\/\/www.wwwagner.tv\/wp-content\/uploads\/20240413_podcast_twitter_1024x576-300x169.jpg 300w, https:\/\/www.wwwagner.tv\/wp-content\/uploads\/20240413_podcast_twitter_1024x576-768x432.jpg 768w\" sizes=\"auto, (max-width: 1024px) 100vw, 1024px\" \/><figcaption id=\"caption-attachment-53848\" class=\"wp-caption-text\">rbb-Rundfunkratssitzung 11.04.2024, Potsdam<\/figcaption><\/figure>\n<hr \/>\n<div style=\"height: 5px;\"><\/div>\n<p><html><br \/>\n     <head><\/p>\n<style type=\"text\/css\">\n       body {\n                     background: #DADADA;\n       }\n      <\/style>\n<p>     <\/head><br \/>\n     <body><br \/>\n<\/body><br \/>\n    <\/html><\/span><\/span><\/span><\/span><\/span><\/span><\/span><\/p>\n","protected":false},"excerpt":{"rendered":"<p>No audio playback capabilities, please download the audio belowDownload Audio: Closed Format: MP3 Download (verlinkte Audio-Quelle bis zur Depublizierung: rbb, radioeins) * via radioeins.de * via ARD-Audiothek * via spotify * via Apple PodCasts * via ALEXA: &#8222;Alexa, spiele Medienmagazin (von radioeins!)&#8220; * via Google Home: &#8222;Ok, Google, spiele radioeins Medienmagazin!&#8220; * via Amazonmusic (00:00) [&hellip;]<\/p>\n","protected":false},"author":2,"featured_media":51003,"comment_status":"closed","ping_status":"open","sticky":false,"template":"","format":"standard","meta":{"_monsterinsights_skip_tracking":false,"footnotes":""},"categories":[4],"tags":[1396,88,1052,897],"class_list":["post-53847","post","type-post","status-publish","format-standard","has-post-thumbnail","hentry","category-medienmagazin","tag-archivradio","tag-rbb","tag-rundfunkrat","tag-slowakei"],"_links":{"self":[{"href":"https:\/\/www.wwwagner.tv\/index.php?rest_route=\/wp\/v2\/posts\/53847","targetHints":{"allow":["GET"]}}],"collection":[{"href":"https:\/\/www.wwwagner.tv\/index.php?rest_route=\/wp\/v2\/posts"}],"about":[{"href":"https:\/\/www.wwwagner.tv\/index.php?rest_route=\/wp\/v2\/types\/post"}],"author":[{"embeddable":true,"href":"https:\/\/www.wwwagner.tv\/index.php?rest_route=\/wp\/v2\/users\/2"}],"replies":[{"embeddable":true,"href":"https:\/\/www.wwwagner.tv\/index.php?rest_route=%2Fwp%2Fv2%2Fcomments&post=53847"}],"version-history":[{"count":4,"href":"https:\/\/www.wwwagner.tv\/index.php?rest_route=\/wp\/v2\/posts\/53847\/revisions"}],"predecessor-version":[{"id":53852,"href":"https:\/\/www.wwwagner.tv\/index.php?rest_route=\/wp\/v2\/posts\/53847\/revisions\/53852"}],"wp:featuredmedia":[{"embeddable":true,"href":"https:\/\/www.wwwagner.tv\/index.php?rest_route=\/wp\/v2\/media\/51003"}],"wp:attachment":[{"href":"https:\/\/www.wwwagner.tv\/index.php?rest_route=%2Fwp%2Fv2%2Fmedia&parent=53847"}],"wp:term":[{"taxonomy":"category","embeddable":true,"href":"https:\/\/www.wwwagner.tv\/index.php?rest_route=%2Fwp%2Fv2%2Fcategories&post=53847"},{"taxonomy":"post_tag","embeddable":true,"href":"https:\/\/www.wwwagner.tv\/index.php?rest_route=%2Fwp%2Fv2%2Ftags&post=53847"}],"curies":[{"name":"wp","href":"https:\/\/api.w.org\/{rel}","templated":true}]}}