{"id":54210,"date":"2024-04-06T18:05:31","date_gmt":"2024-04-06T16:05:31","guid":{"rendered":"https:\/\/www.wwwagner.tv\/?p=54210"},"modified":"2024-10-13T23:41:45","modified_gmt":"2024-10-13T21:41:45","slug":"medienmagazin-vom-06-04-2024","status":"publish","type":"post","link":"https:\/\/www.wwwagner.tv\/?p=54210","title":{"rendered":"Medienmagazin vom 06.04.2024"},"content":{"rendered":"<p> <audio   controls > <source src=\"https:\/\/rbbmediapmdp-a.akamaihd.net\/content\/0f\/dc\/0fdcc1c4-3c70-4e07-8b83-09ae42df8e3d\/d84b6d92-3a95-40d7-baa2-0a5b333e88b4_0fecaf8b-dcf7-4a90-bd36-fc714b94e4c4.mp3\" type='audio\/mpeg' \/> <object   type=\"application\/x-shockwave-flash\"  data=\"https:\/\/www.wwwagner.tv\/wp-content\/plugins\/wphtml5player\/inc\/flowplayer.swf\"  width=\"400\"  height=\"30\"> <param name=\"movie\" value='https:\/\/www.wwwagner.tv\/wp-content\/plugins\/wphtml5player\/inc\/flowplayer.swf' \/><param name=\"allowfullscreen\" value='false' \/><param name=\"cachebusting\" value='true' \/><param name=\"bgcolor\" value='#000000' \/><param name=\"flashvars\" value='config={\"plugins\":{\"controls\":{\"height\":30,\"autoHide\":false,\"fullscreen\":false}},\"clip\":{\"autoPlay\":false,\"url\":\"https:\\\/\\\/rbbmediapmdp-a.akamaihd.net\\\/content\\\/0f\\\/dc\\\/0fdcc1c4-3c70-4e07-8b83-09ae42df8e3d\\\/d84b6d92-3a95-40d7-baa2-0a5b333e88b4_0fecaf8b-dcf7-4a90-bd36-fc714b94e4c4.mp3\"},\"playlist\":[{\"autoPlay\":false,\"url\":\"https:\\\/\\\/rbbmediapmdp-a.akamaihd.net\\\/content\\\/0f\\\/dc\\\/0fdcc1c4-3c70-4e07-8b83-09ae42df8e3d\\\/d84b6d92-3a95-40d7-baa2-0a5b333e88b4_0fecaf8b-dcf7-4a90-bd36-fc714b94e4c4.mp3\"}],\"play\":{\"opacity\":0}}' \/>  No audio playback capabilities, please download the audio below<br \/><strong>Download Audio:<\/strong> Closed Format: <a href=\"https:\/\/rbbmediapmdp-a.akamaihd.net\/content\/0f\/dc\/0fdcc1c4-3c70-4e07-8b83-09ae42df8e3d\/d84b6d92-3a95-40d7-baa2-0a5b333e88b4_0fecaf8b-dcf7-4a90-bd36-fc714b94e4c4.mp3\">MP3<\/a> <\/object> <!-- Generated by HTML5 Multimedia Framework (http:\/\/code.google.com\/p\/html5videoplayer) --> <\/audio>  <br \/>\n<a href=\"https:\/\/rbbmediapmdp-a.akamaihd.net\/content\/0f\/dc\/0fdcc1c4-3c70-4e07-8b83-09ae42df8e3d\/d84b6d92-3a95-40d7-baa2-0a5b333e88b4_0fecaf8b-dcf7-4a90-bd36-fc714b94e4c4.mp3\" target=\"_blank\" rel=\"noopener noreferrer\">Download<\/a><br \/>\n<span style=\"color: #666666;\"> (verlinkte Audio-Quelle bis zur Depublizierung: rbb, radioeins)<\/span><br \/>\n* via <a href=\"http:\/\/bit.ly\/UiK8m2\" rel=\"noopener noreferrer\" target=\"_blank\">radioeins.de<\/a><br \/>\n* via <a href=\"http:\/\/bit.ly\/2QPyw0c\" rel=\"noopener noreferrer\" target=\"_blank\">ARD-Audiothek<\/a><br \/>\n* via <a href=\"https:\/\/open.spotify.com\/show\/7xVQUA4ge6g5IUsCYk5qtE?si=d4af4d1f18f94ddc\" rel=\"noopener\" target=\"_blank\">spotify<\/a><br \/>\n* via <a href=\"https:\/\/podcasts.apple.com\/de\/podcast\/medienmagazin\/id160843212\" rel=\"noopener\" target=\"_blank\">Apple PodCasts<\/a><br \/>\n* via ALEXA: &#8222;Alexa, spiele Medienmagazin (von radioeins!)&#8220;<br \/>\n* via Google Home: &#8222;Ok, Google, spiele radioeins Medienmagazin!&#8220;<br \/>\n* via <a href=\"https:\/\/music.amazon.de\/podcasts\/7afb1048-853d-4021-a704-7ba7e902e6ac\/medienmagazin\" rel=\"noopener\" target=\"_blank\">Amazonmusic<\/a><\/p>\n<p><span style=\"font-size: 11pt; font-family: tahoma,arial,helvetica,sans-serif;\"><br \/>\n(00:00) INTRO: Initiative Nachrichtenaufkl\u00e4rung (INA) 1998 &#8211; Georg Sch\u00fctte | (01:48) NEWS: Die Top Ten der Vergessenen Nachrichten 2024 &#8211; Katja Jung | (11:07) \u00d6RR: Manifest f\u00fcr einen neuen \u00f6ffentlich-rechtlichen Rundfunk &#8211; Ole Skambraks &#8211; Hubert Krech &#8211; Michael Schmidt &#8211; Steffen Grimberg | (30:59) EU: Gegen unberechtigte Prozesse (SLAPP) &#8211; Michael Meyer | (38:52) STIPENDIUM: &#8222;Reise in die Mediengesellschaft USA\u201c &#8211; Robert Olechna | (45:58) BONUS: INA &#8211; Thomas Moser &#8211; 04.01.1998 | (50:14 ) BONUS: INA &#8211; Thomas Moser &#8211; 21.02.1999 | (59:23) BONUS: INA &#8211; Peter Ludes &#8211; 29.12.2001 | (1:07:02) BONUS: INA &#8211; Horst P\u00f6ttker &#8211; 15.01.2005| (1:17:02) BONUS: INA &#8211; Christina Kiesewetter &#8211; 18.02.2006 || J\u00f6rg Wagner<\/p>\n<div style=\"height: 10px;\"><\/div>\n<hr \/>\n<div style=\"height: 10px;\"><\/div>\n<p><span style=\"font-size: 11pt; font-family: tahoma,arial,helvetica,sans-serif;\"><br \/>\n<strong>INTRO: Initiative Nachrichtenaufkl\u00e4rung (INA)<\/strong><br \/>\nO-Ton: Dr. Georg Sch\u00fctte zur Gr\u00fcndung der <a href=\"https:\/\/de.wikipedia.org\/wiki\/Initiative_Nachrichtenaufkl%C3%A4rung\" rel=\"noopener\" target=\"_blank\">Initiative<\/a> Nachrichtenaufkl\u00e4rung<br \/>\nQuelle: Medienmagazin 04.01.1998<br \/>\n<span style=\"font-size: 11pt; font-family: tahoma,arial,helvetica,sans-serif;\"><br \/>\n<strong>1. NEWS: Die Top Ten der Vergessenen Nachrichten 2024<\/strong><br \/>\nEinmal im Jahr ver\u00f6ffentlicht die Initiative Nachrichtenaufkl\u00e4rung (INA) e.V. ver\u00f6ffentlicht einmal im Jahr und seit einiger Zeit in Kooperation mit der Nachrichtenredaktion des Deutschlandfunks eine Liste mit zehn Themen und Geschichten, die im vergangenen Jahr keine oder kaum Erw\u00e4hnung gefunden haben.<br \/>\nSchaltgespr\u00e4ch mit Katja Jung, Vorstandsmitglied der Initiative Nachrichtenaufkl\u00e4rung (Aufzeichnung, 04.04.2024, 14:00 Uhr)<br \/>\nAutor: J\u00f6rg Wagner<br \/>\n<span style=\"font-size: 11pt; font-family: tahoma,arial,helvetica,sans-serif;\"><br \/>\n<strong>2. \u00d6RR: Manifest f\u00fcr einen neuen \u00f6ffentlich-rechtlichen Rundfunk<\/strong><br \/>\nAm Mittwoch ver\u00f6ffentlichten Mitarbeiterinnen und Mitarbeiter (auch ehemalige) des \u00f6ffentlich-rechtlichen Rundfunks und Menschen aus anderen Berufsgruppen eine Erkl\u00e4rung auf meinungsvielfalt.jetzt, mit dem Ziel \u201cdamit unsere Stimme und Expertise zur Zukunft des \u00f6ffentlich-rechtlichen Rundfunks im gesellschaftlichen Diskurs geh\u00f6rt werden. Eine konkrete Forderung ist in Kooperation mit der Deutschen Akademie f\u00fcr Fernsehen (DAFF) entstanden: Wir wollen erreichen, dass alle relevanten Initiativen, die sich f\u00fcr Ver\u00e4nderungen im \u00d6RR einsetzen, in einem Medienkonvent zusammenkommen und Antrieb einer grundlegenden Erneuerung des Systems werden.\u201d<br \/>\nWoher kommt diese Initiative? Warum nutzt man nicht die vorhandenen Strukturen?<br \/>\nWas ist die Kernforderung auf Basis welcher Analyse?<br \/>\nSchaltgespr\u00e4ch mit\/Statements:<br \/>\n* Ole Skambraks, Initiator, ehemals SWR-Redakteur (Aufzeichnung 04.04.2024, 23:50)<br \/>\n* Hubert Krech, agra (Aufzeichnung, 04.04.2024, 20:55 Uhr)<br \/>\n* Michael Schmidt, Rundfunkratsmitglied NDR (Heimatverband Mecklenburg-Vorpommern) und ehemaliger NDR-Journalist, sowie Mitautor des Buches \u201cDer aufhaltsame Abstieg des \u00f6ffentlich-rechtlichen Fernsehens\u201d, Eulenspiegelverlag (Aufzeichnung, 04.04.2024, 17 Uhr)<br \/>\n* Steffen Grimberg, Vorsitzender DJV-JVBB und ehemaliger ARD-Sprecher (Aufzeichnung, 04.04.2024, 20:25 Uhr)<br \/>\nMit moderativen Statements von ARD und ZDF.<br \/>\nAutor: J\u00f6rg Wagner<br \/>\n<span style=\"font-size: 11pt; font-family: tahoma,arial,helvetica,sans-serif;\"><br \/>\n<strong>3. EU: Gegen unberechtigte Prozesse (SLAPP)<\/strong><br \/>\nKlagen gegen Redaktionen und Journalisten kommen oft vor, landen nicht selten vor Gericht. Aber: Nicht immer sind sie berechtigt. Zweck solcher Verfahren ist, Medien durch langwierige und teure Prozesse einzusch\u00fcchtern und eine kritische \u00d6ffentlichkeit f\u00fcr bestimmte Sachverhalte zu verhindern. Fachbegriff: \u201eStrategic Lawsuit against Public Participation\u201c, kurz SLAPP. Das EU-Parlament hat eine Gesetzesinitiative auf den Weg gebracht, die diese SLAPP-Klagen eind\u00e4mmen sollen. Das Gesetz muss nun von den Parlamenten der EU-Staaten noch in nationales Recht umgesetzt werden. Doch reicht das aus?<br \/>\nLeitungsgespr\u00e4ch mit O-T\u00f6nen von:<br \/>\n* Uwe Kr\u00fcger, wissenschaftlicher Mitarbeiter am Institut f\u00fcr Kommunikations- und Medienwissenschaft der Universit\u00e4t Leipzig<br \/>\n* Joschka Selinger, Rechtsanwalt bei der \u201eGesellschaft f\u00fcr Freiheitsrechte\u201c<br \/>\n* Ilya Braun, \u201eAdvocacy Referent\u201c bei \u201eReporter ohne Grenzen\u201c<br \/>\n* Mika Beuster, Vorsitzender des Deutschen Journalistenverbands<br \/>\nAutor: Michael Meyer (Aufzeichnung 05.04.2024, 10:00 Uhr)<br \/>\n<span style=\"font-size: 11pt; font-family: tahoma,arial,helvetica,sans-serif;\"><br \/>\n<strong>4. STIPENDIUM: &#8222;Reise in die Mediengesellschaft USA\u201c<\/strong><br \/>\nDas Daniel-Haufler-Stipendium ist ein neues Stipendium f\u00fcr Journalistinnen und Journalisten. Es wird aus dem Nachlass des Journalisten Daniel Haufler (u. a. taz, Berliner Zeitung, Frankfurter Rundschau) finanziert und von der taz-Panter-Stiftung verwaltet. Das Stipendium besteht aus zwei Teilen: Zun\u00e4chst findet eine zehnt\u00e4gige Gruppenreise nach New York und Washington statt, anschlie\u00dfend bleiben zehn Tage zur freien Recherche. Insgesamt stehen zehn Pl\u00e4tze im Wert von je 6000 Euro zur Verf\u00fcgung. Bewerben kann man sich bis zum 13.04.2024.<br \/>\nSchaltgespr\u00e4ch mit Robert Olechna, Projektleiter, taz-Panter-Stiftung (Aufzeichnung 04.04.2024, 15:00 Uhr)<br \/>\nAutor: J\u00f6rg Wagner<br \/>\n<span style=\"font-size: 11pt; font-family: tahoma,arial,helvetica,sans-serif;\"><br \/>\n<strong>PODCAST-BONUS:<\/strong><br \/>\n\u00b0 Interaktive Nachrichtenaufkl\u00e4rung: Was die Medien verschweigen<br \/>\nWissenschaftliches Projekt an der Uni Siegen<br \/>\nO-T\u00f6ne: Dr. Georg Sch\u00fctte, Uni Siegen<br \/>\nAutor: Thomas Moser<br \/>\nQuelle: radioeins-Medienmagazin 04.01.1998<br \/>\n<span style=\"font-size: 11pt; font-family: tahoma,arial,helvetica,sans-serif;\"><br \/>\n\u00b0 Wann wird eine Nachricht zur Nachricht? Welche Nachrichten werden unterdr\u00fcckt? Warum? Studiogespr\u00e4ch zum Forschungsprojekt Nachrichtenaufkl\u00e4rung an der Uni Siegen<br \/>\nO-T\u00f6ne: Dr. Georg Sch\u00fctte, Uni Siegen<br \/>\nAutor: Thomas Moser Bd.\/honorarpflichtig<br \/>\nMedienmagazin vom 21.02.1999<br \/>\n<span style=\"font-size: 11pt; font-family: tahoma,arial,helvetica,sans-serif;\"><br \/>\n\u00b0 Welche Nachrichten wurden 2001 unterdr\u00fcckt?<br \/>\nTelefoninterview mit Prof. Dr. Dr. Peter Ludes<br \/>\nQuelle: radioeins-Medienmagazin 29.12.2001<br \/>\n<span style=\"font-size: 11pt; font-family: tahoma,arial,helvetica,sans-serif;\"><br \/>\n\u00b0 Die Flut und vernachl\u00e4ssigte Nachrichten<br \/>\nTelefoninterview mit Prof. Dr. Horst P\u00f6ttker,<br \/>\nGesch\u00e4ftsf\u00fchrer der Initiative Nachrichtenaufkl\u00e4rung, Uni Dortmund<br \/>\nQuelle: radioeins-Medienmagazin vom 15.01.2005<br \/>\n<span style=\"font-size: 11pt; font-family: tahoma,arial,helvetica,sans-serif;\"><br \/>\n\u00b0 Die Vogelgrippe und unterdr\u00fcckte Nachrichten<br \/>\nO-Ton: Collage Vogelgrippe<br \/>\nTOP-Ten der vernachl\u00e4ssigten Nachrichten 2005 ver\u00f6ffentlicht<br \/>\nTelefoninterview mit Christina Kiesewetter von der Initiative Nachrichtenaufkl\u00e4rung<br \/>\nQuelle: radioeins-Medienmagazin 18.02.2006<\/p>\n<figure id=\"attachment_54211\" aria-describedby=\"caption-attachment-54211\" style=\"width: 1024px\" class=\"wp-caption alignnone\"><img loading=\"lazy\" decoding=\"async\" src=\"https:\/\/www.wwwagner.tv\/wp-content\/uploads\/20240406_podcast_twitter_1024\u00d7576.jpg\" alt=\"\" width=\"1024\" height=\"576\" class=\"size-full wp-image-54211\" srcset=\"https:\/\/www.wwwagner.tv\/wp-content\/uploads\/20240406_podcast_twitter_1024\u00d7576.jpg 1024w, https:\/\/www.wwwagner.tv\/wp-content\/uploads\/20240406_podcast_twitter_1024\u00d7576-300x169.jpg 300w, https:\/\/www.wwwagner.tv\/wp-content\/uploads\/20240406_podcast_twitter_1024\u00d7576-768x432.jpg 768w\" sizes=\"auto, (max-width: 1024px) 100vw, 1024px\" \/><figcaption id=\"caption-attachment-54211\" class=\"wp-caption-text\">ina, Manifest, SLAPP, Daniel-Haufler-Stipendium<\/figcaption><\/figure>\n<hr \/>\n<div style=\"height: 5px;\"><\/div>\n<p><html><br \/>\n     <head><\/p>\n<style type=\"text\/css\">\n       body {\n                     background: #DADADA;\n       }\n      <\/style>\n<p>     <\/head><br \/>\n     <body><br \/>\n<\/body><br \/>\n    <\/html><\/span><\/span><\/span><\/span><\/span><\/span><\/span><\/span><\/span><\/span><\/span><\/p>\n","protected":false},"excerpt":{"rendered":"<p>No audio playback capabilities, please download the audio belowDownload Audio: Closed Format: MP3 Download (verlinkte Audio-Quelle bis zur Depublizierung: rbb, radioeins) * via radioeins.de * via ARD-Audiothek * via spotify * via Apple PodCasts * via ALEXA: &#8222;Alexa, spiele Medienmagazin (von radioeins!)&#8220; * via Google Home: &#8222;Ok, Google, spiele radioeins Medienmagazin!&#8220; * via Amazonmusic (00:00) [&hellip;]<\/p>\n","protected":false},"author":2,"featured_media":51003,"comment_status":"closed","ping_status":"open","sticky":false,"template":"","format":"standard","meta":{"_monsterinsights_skip_tracking":false,"_monsterinsights_sitenote_active":false,"_monsterinsights_sitenote_note":"","_monsterinsights_sitenote_category":0,"footnotes":""},"categories":[4],"tags":[1406,810,1359,1407,147,318],"class_list":["post-54210","post","type-post","status-publish","format-standard","has-post-thumbnail","hentry","category-medienmagazin","tag-ina","tag-nachrichten","tag-oerr","tag-slapp","tag-taz","tag-usa"],"_links":{"self":[{"href":"https:\/\/www.wwwagner.tv\/index.php?rest_route=\/wp\/v2\/posts\/54210","targetHints":{"allow":["GET"]}}],"collection":[{"href":"https:\/\/www.wwwagner.tv\/index.php?rest_route=\/wp\/v2\/posts"}],"about":[{"href":"https:\/\/www.wwwagner.tv\/index.php?rest_route=\/wp\/v2\/types\/post"}],"author":[{"embeddable":true,"href":"https:\/\/www.wwwagner.tv\/index.php?rest_route=\/wp\/v2\/users\/2"}],"replies":[{"embeddable":true,"href":"https:\/\/www.wwwagner.tv\/index.php?rest_route=%2Fwp%2Fv2%2Fcomments&post=54210"}],"version-history":[{"count":2,"href":"https:\/\/www.wwwagner.tv\/index.php?rest_route=\/wp\/v2\/posts\/54210\/revisions"}],"predecessor-version":[{"id":54213,"href":"https:\/\/www.wwwagner.tv\/index.php?rest_route=\/wp\/v2\/posts\/54210\/revisions\/54213"}],"wp:featuredmedia":[{"embeddable":true,"href":"https:\/\/www.wwwagner.tv\/index.php?rest_route=\/wp\/v2\/media\/51003"}],"wp:attachment":[{"href":"https:\/\/www.wwwagner.tv\/index.php?rest_route=%2Fwp%2Fv2%2Fmedia&parent=54210"}],"wp:term":[{"taxonomy":"category","embeddable":true,"href":"https:\/\/www.wwwagner.tv\/index.php?rest_route=%2Fwp%2Fv2%2Fcategories&post=54210"},{"taxonomy":"post_tag","embeddable":true,"href":"https:\/\/www.wwwagner.tv\/index.php?rest_route=%2Fwp%2Fv2%2Ftags&post=54210"}],"curies":[{"name":"wp","href":"https:\/\/api.w.org\/{rel}","templated":true}]}}