{"id":54221,"date":"2024-03-23T18:05:10","date_gmt":"2024-03-23T16:05:10","guid":{"rendered":"https:\/\/www.wwwagner.tv\/?p=54221"},"modified":"2024-10-14T01:53:35","modified_gmt":"2024-10-13T23:53:35","slug":"medienmagazin-vom-23-03-2024","status":"publish","type":"post","link":"https:\/\/www.wwwagner.tv\/?p=54221","title":{"rendered":"Medienmagazin vom 23.03.2024"},"content":{"rendered":"<p><span style=\"font-size: 11pt; font-family: tahoma,arial,helvetica,sans-serif;\"><br \/>\n <audio   controls > <source src=\"https:\/\/rbbmediapmdp-a.akamaihd.net\/content\/9a\/3e\/9a3ec8a3-5d62-4b13-afe5-a295146d6f61\/2557beef-21c8-410e-a954-52fe3366a999_8a91a92f-6504-439f-a580-1bdf86c3d6ee.mp3\" type='audio\/mpeg' \/> <object   type=\"application\/x-shockwave-flash\"  data=\"https:\/\/www.wwwagner.tv\/wp-content\/plugins\/wphtml5player\/inc\/flowplayer.swf\"  width=\"400\"  height=\"30\"> <param name=\"movie\" value='https:\/\/www.wwwagner.tv\/wp-content\/plugins\/wphtml5player\/inc\/flowplayer.swf' \/><param name=\"allowfullscreen\" value='false' \/><param name=\"cachebusting\" value='true' \/><param name=\"bgcolor\" value='#000000' \/><param name=\"flashvars\" value='config={\"plugins\":{\"controls\":{\"height\":30,\"autoHide\":false,\"fullscreen\":false}},\"clip\":{\"autoPlay\":false,\"url\":\"https:\\\/\\\/rbbmediapmdp-a.akamaihd.net\\\/content\\\/9a\\\/3e\\\/9a3ec8a3-5d62-4b13-afe5-a295146d6f61\\\/2557beef-21c8-410e-a954-52fe3366a999_8a91a92f-6504-439f-a580-1bdf86c3d6ee.mp3\"},\"playlist\":[{\"autoPlay\":false,\"url\":\"https:\\\/\\\/rbbmediapmdp-a.akamaihd.net\\\/content\\\/9a\\\/3e\\\/9a3ec8a3-5d62-4b13-afe5-a295146d6f61\\\/2557beef-21c8-410e-a954-52fe3366a999_8a91a92f-6504-439f-a580-1bdf86c3d6ee.mp3\"}],\"play\":{\"opacity\":0}}' \/>  No audio playback capabilities, please download the audio below<br \/><strong>Download Audio:<\/strong> Closed Format: <a href=\"https:\/\/rbbmediapmdp-a.akamaihd.net\/content\/9a\/3e\/9a3ec8a3-5d62-4b13-afe5-a295146d6f61\/2557beef-21c8-410e-a954-52fe3366a999_8a91a92f-6504-439f-a580-1bdf86c3d6ee.mp3\">MP3<\/a> <\/object> <!-- Generated by HTML5 Multimedia Framework (http:\/\/code.google.com\/p\/html5videoplayer) --> <\/audio>  <br \/>\n<a href=\"https:\/\/rbbmediapmdp-a.akamaihd.net\/content\/9a\/3e\/9a3ec8a3-5d62-4b13-afe5-a295146d6f61\/2557beef-21c8-410e-a954-52fe3366a999_8a91a92f-6504-439f-a580-1bdf86c3d6ee.mp3\" target=\"_blank\" rel=\"noopener noreferrer\">Download<\/a><br \/>\n<span style=\"color: #666666;\"> (verlinkte Audio-Quelle bis zur Depublizierung: rbb, radioeins)<\/span><br \/>\n* via <a href=\"http:\/\/bit.ly\/UiK8m2\" rel=\"noopener noreferrer\" target=\"_blank\">radioeins.de<\/a><br \/>\n* via <a href=\"http:\/\/bit.ly\/2QPyw0c\" rel=\"noopener noreferrer\" target=\"_blank\">ARD-Audiothek<\/a><br \/>\n* via <a href=\"https:\/\/open.spotify.com\/show\/7xVQUA4ge6g5IUsCYk5qtE?si=d4af4d1f18f94ddc\" rel=\"noopener\" target=\"_blank\">spotify<\/a><br \/>\n* via <a href=\"https:\/\/podcasts.apple.com\/de\/podcast\/medienmagazin\/id160843212\" rel=\"noopener\" target=\"_blank\">Apple PodCasts<\/a><br \/>\n* via ALEXA: &#8222;Alexa, spiele Medienmagazin (von radioeins!)&#8220;<br \/>\n* via Google Home: &#8222;Ok, Google, spiele radioeins Medienmagazin!&#8220;<br \/>\n* via <a href=\"https:\/\/music.amazon.de\/podcasts\/7afb1048-853d-4021-a704-7ba7e902e6ac\/medienmagazin\" rel=\"noopener\" target=\"_blank\">Amazonmusic<\/a><\/p>\n<div style=\"height: 10px;\"><\/div>\n<p><span style=\"font-size: 11pt; font-family: tahoma,arial,helvetica,sans-serif;\"><br \/>\n(00:00) INTRO: rbb-Imagestudie; Mediaanalyse Audio I\/2024 &#8211; Ulrike Demmer | (04:09) Buchtipp: 1 | Thorolf Lipp, Dieter Wiedemann (Hg.): Medienzukunft 2025 &#8211; Wie kann Vielfalt gelingen? &#8211; Thorolf Lipp | (27:15) Buchtipp: 2 | Miriam Meckel, L\u00e9a Steinacker: Alles \u00fcberall auf einmal &#8211; Vera Lin\u00df | (34:54) Buchtipp: 3 | Mustafa Suleyman mit Michael Bhaskar: The Coming Wave. K\u00fcnstliche Intelligenz, Macht und das gr\u00f6\u00dfte Dilemma des 21. Jahrhunderts &#8211; Vera Lin\u00df | (42:49) BONUS: Interview zum Polizeiruf 110 \u201cSchweine\u201d &#8211; Tomasz E. Rudzik &#8211; Uwe Madel | (56:04) BONUS: Podiumsgespr\u00e4ch: \u201cBrandenburg in Film und Serie \u2013 Wie gut kennen wir Brandenburg? Was interessiert uns, was sind die Themen, die regionalen Unterschiede?\u201d &#8211; Ulf Buschmann &#8211; Hendrik Fischer &#8211; Christiane Krone-Raab &#8211; Frank Schmuck &#8211; Johannes Unger &#8211; Uwe Madel &#8211; Daria Moheb Zandi || J\u00f6rg Wagner<\/p>\n<hr \/>\n<p><span style=\"font-size: 11pt; font-family: tahoma,arial,helvetica,sans-serif;\"><br \/>\n<strong>INTRO: Vor einem Jahr: Terrorangriff der Hamas auf Israel<\/strong><br \/>\nINTRO: rbb-Imagestudie\/Mediananalyse Audio I\/2024<br \/>\nO-Ton: Ulrike Demmer, rbb-Intendantin zur rbb-<a href=\"https:\/\/www.presseportal.de\/pm\/51580\/5738723\" rel=\"noopener\" target=\"_blank\">Imagestudie<\/a><br \/>\nQuelle: Abendschau, 19.03.2024, 19:30 Uhr<br \/>\nModeration zur <a href=\"https:\/\/www.rbb-online.de\/unternehmen\/presse\/presseinformationen\/unternehmen\/2024\/20240320-ma-audio-I.html\" rel=\"noopener\" target=\"_blank\">Mediaanalyse<\/a><\/p>\n<p><span style=\"font-size: 11pt; font-family: tahoma,arial,helvetica,sans-serif;\"><br \/>\n<strong>Fr\u00fchlingsferienmedienbibliothek<\/strong><br \/>\n<span style=\"font-size: 11pt; font-family: tahoma,arial,helvetica,sans-serif;\"><br \/>\n<strong>1. Buchtipp: 1 | Thorolf Lipp, Dieter Wiedemann (Hg.): Medienzukunft 2025 &#8211; Wie kann Vielfalt gelingen?<\/strong><br \/>\nAus der Buchbeschreibung: &#8222;Die Meinungsmacht der \u00f6ffentlich-rechtlichen Medien schien lange Zeit weitgehend unangetastet. Als Folge der digitalen Transformation hat sich das ge\u00e4ndert. Das \u00dcberwinden von Informationsasymmetrien gelingt immer weniger, stattdessen wachsen die R\u00e4nder des Meinungsspektrums. Die zentrale Frage lautet: Wie kann gesellschaftliche Vielfalt k\u00fcnftig angemessener abgebildet werden, ohne Verbindendes weiter abzubauen? Die Beitr\u00e4ger*innen des Bandes loten die bestehenden Medienstrukturen kritisch aus und zeigen m\u00f6gliche Alternativen auf. So k\u00f6nnte ein konkurrierendes Modell der Direktbeauftragung von Medienmacher*innen, finanziert aus den bestehenden Beitragseinnahmen, ARD, ZDF und Co. zum Sparen zwingen und das System in Bewegung bringen, ohne Mehrkosten zu verursachen.&#8220;<br \/>\nStudioLink-Schaltgespr\u00e4ch mit Thorolf Lipp, Herausgeber und Sprecher AG Medienzukunft in der DEUTSCHEN AKADEMIE F\u00dcR FERNSEHEN (Aufzeichnung, 20.03.2024, 17 Uhr)<br \/>\nThorolf Lipp, Dieter Wiedemann (Hg.): <a href=\"https:\/\/www.transcript-verlag.de\/978-3-8376-6607-6\/medienzukunft-2025-wie-kann-vielfalt-gelingen\/\" rel=\"noopener\" target=\"_blank\">Medienzukunft 2025<\/a> &#8211; Wie kann Vielfalt gelingen?<br \/>\nZur Weiterentwicklung der \u00f6ffentlich-rechtlichen Medien<br \/>\ntranscript-Verlag, Bielefeld, 2024<br \/>\n266 Seiten<br \/>\nAutor: J\u00f6rg Wagner<br \/>\n<span style=\"font-size: 11pt; font-family: tahoma,arial,helvetica,sans-serif;\"><br \/>\n<strong>2. Buchtipp: 2 | Miriam Meckel, L\u00e9a Steinacker: Alles \u00fcberall auf einmal<br \/>\nWas man \u00fcber KI wissen muss<\/strong><br \/>\nDamit der Mensch K\u00fcnstliche Intelligenz f\u00fcr sich nutzen kann, muss er verstehen, wie sie funktioniert und welche Herausforderungen mit ihr verbunden sind. Miriam Meckel und L\u00e9a Steinacker liefern hierf\u00fcr wichtige Grundlagenkenntnisse. Sie erkl\u00e4ren, was KI-Systeme tun, wof\u00fcr sie sich eignen und wof\u00fcr nicht. Ihr Buch ist der passende Einstieg f\u00fcr die Auseinandersetzung mit KI.<br \/>\nMiriam Meckel, L\u00e9a Steinacker, <a href=\"https:\/\/www.rowohlt.de\/buch\/miriam-meckel-lea-steinacker-alles-ueberall-auf-einmal-9783498007102 Rezension\/StudioLink-Schaltgespr\u00e4ch\" rel=\"noopener\" target=\"_blank\">Alles \u00fcberall auf einmal.<\/a><br \/>\nWie K\u00fcnstliche Intelligenz unsere Welt ver\u00e4ndert und was wir dabei gewinnen k\u00f6nnen<br \/>\nRowohlt Verlag, Hamburg 2024<br \/>\n400 Seiten, 26 Euro<br \/>\nAutorin: Vera Lin\u00df (Aufzeichnung, 21.03.2024, 11 Uhr)<br \/>\n<span style=\"font-size: 11pt; font-family: tahoma,arial,helvetica,sans-serif;\"><br \/>\n<strong>3. Buchtipp: 3 | Mustafa Suleyman mit Michael Bhaskar: The Coming Wave. K\u00fcnstliche Intelligenz, Macht und das gr\u00f6\u00dfte Dilemma des 21. Jahrhunderts<br \/>\nDie Welle eind\u00e4mmen <\/strong><br \/>\nDurch neue Technologien wie K\u00fcnstliche Intelligenz und Synthetische Biologie steht die Menschheit am Scheideweg, sagt der KI-Unternehmer Mustafa Suleyman. Jetzt gehe es darum, negative Folgen einzud\u00e4mmen. Denn diesmal stehe das \u00dcberleben der Menschheit auf dem Spiel. Suleymann prognostiziert Disruption, Instabilit\u00e4t und Katastrophen \u201eunvorstellbaren Ausma\u00dfes\u201c \u2013 ausgel\u00f6st vom Missbrauch der neuen Technologien.<br \/>\nMustafa Suleyman mit Michael Bhaskar, <a href=\"https:\/\/www.chbeck.de\/suleyman-bhaskar-coming-wave\/product\/36219791\" rel=\"noopener\" target=\"_blank\">The Coming Wave.<\/a> K\u00fcnstliche Intelligenz, Macht und das gr\u00f6\u00dfte Dilemma des 21. Jahrhunderts<br \/>\nAus dem Englischen von Andreas Wirthensohn<br \/>\nC.H.Beck, M\u00fcnchen 2024<br \/>\n377 Seiten, 28 Euro<br \/>\nRezension\/StudioLink-Schaltgespr\u00e4ch<br \/>\nAutorin: Vera Lin\u00df (Aufzeichnung, 21.03.2024, 11 Uhr)<br \/>\n<span style=\"font-size: 11pt; font-family: tahoma,arial,helvetica,sans-serif;\"><br \/>\n<strong>Podcast-Bonus:<\/strong><br \/>\nAm Sonntag, 24.03.2024, zeigte das Erste der ARD den neuen rbb-&#8222;Polizeiruf 110: Schweine&#8220; mit Gisa Flake und Frank Leo Schr\u00f6der in den Hauptrollen. Aus diesem Anlass fand am 20.03.2024 eine Podiumsdiskussion im Kino fx.Center im Studio Babelsberg statt:<br \/>\n&#8222;Brandenburg in Film und Serie \u2013 Wie gut kennen wir Brandenburg? Was interessiert uns, was sind die Themen, die regionalen Unterschiede?&#8220;<br \/>\nZuvor gab es ein Gespr\u00e4ch, das rbb-Moderator Uwe Madel mit dem Regisseur Tomasz E. Rudzik f\u00fchrte.<br \/>\nAuf dem Podium diskutierten:<br \/>\n* Ulf Buschmann, Polizeidirektor, Deutscher Koordinator des Gemeinsamen Zentrums der deutsch-polnischen Polizei- und Zollzusammenarbeit in Swiecko<br \/>\n* Hendrik Fischer, Staatssekret\u00e4r im Ministerium f\u00fcr Wirtschaft, Arbeit und Energie in Brandenburg<br \/>\n* Christiane Krone-Raab, Leiterin Berlin Brandenburg Film Commission, MBB<br \/>\n* Frank Schmuck, Produzent und Gesch\u00e4ftsf\u00fchrer Dokfilm GmbH<br \/>\n* Johannes Unger, Abteilungsleiter Zeitgeschehen, Osteuropa, Dokumentation rbb<br \/>\nDas Podiumsgespr\u00e4ch f\u00fchrten:<br \/>\n* Uwe Madel, Autor und Moderator rbb<br \/>\n* Daria Moheb Zandi, Redakteurin rbb<\/p>\n<p><span style=\"font-size: 11pt; font-family: tahoma,arial,helvetica,sans-serif;\"><br \/>\n<figure id=\"attachment_54222\" aria-describedby=\"caption-attachment-54222\" style=\"width: 1024px\" class=\"wp-caption alignnone\"><img loading=\"lazy\" decoding=\"async\" src=\"https:\/\/www.wwwagner.tv\/wp-content\/uploads\/20240323_podcast_twitter_1024\u00d7576.jpg\" alt=\"\" width=\"1024\" height=\"576\" class=\"size-full wp-image-54222\" srcset=\"https:\/\/www.wwwagner.tv\/wp-content\/uploads\/20240323_podcast_twitter_1024\u00d7576.jpg 1024w, https:\/\/www.wwwagner.tv\/wp-content\/uploads\/20240323_podcast_twitter_1024\u00d7576-300x169.jpg 300w, https:\/\/www.wwwagner.tv\/wp-content\/uploads\/20240323_podcast_twitter_1024\u00d7576-768x432.jpg 768w\" sizes=\"auto, (max-width: 1024px) 100vw, 1024px\" \/><figcaption id=\"caption-attachment-54222\" class=\"wp-caption-text\">Osterferienmedienbibliothek<\/figcaption><\/figure><\/p>\n<div style=\"height: 20px;\"><\/div>\n<hr \/>\n<div style=\"height: 5px;\"><\/div>\n<p><html><br \/>\n     <head><\/p>\n<style type=\"text\/css\">\n       body {\n                     background: #DADADA;\n       }\n      <\/style>\n<p>     <\/head><br \/>\n     <body><br \/>\n<\/body><br \/>\n    <\/html><\/span><\/span><\/span><\/span><\/span><\/span><\/span><\/span><\/span><\/p>\n","protected":false},"excerpt":{"rendered":"<p>No audio playback capabilities, please download the audio belowDownload Audio: Closed Format: MP3 Download (verlinkte Audio-Quelle bis zur Depublizierung: rbb, radioeins) * via radioeins.de * via ARD-Audiothek * via spotify * via Apple PodCasts * via ALEXA: &#8222;Alexa, spiele Medienmagazin (von radioeins!)&#8220; * via Google Home: &#8222;Ok, Google, spiele radioeins Medienmagazin!&#8220; * via Amazonmusic (00:00) [&hellip;]<\/p>\n","protected":false},"author":2,"featured_media":51003,"comment_status":"closed","ping_status":"open","sticky":false,"template":"","format":"standard","meta":{"_monsterinsights_skip_tracking":false,"footnotes":""},"categories":[4],"tags":[631,1408],"class_list":["post-54221","post","type-post","status-publish","format-standard","has-post-thumbnail","hentry","category-medienmagazin","tag-medienbuch","tag-medienbuecher"],"_links":{"self":[{"href":"https:\/\/www.wwwagner.tv\/index.php?rest_route=\/wp\/v2\/posts\/54221","targetHints":{"allow":["GET"]}}],"collection":[{"href":"https:\/\/www.wwwagner.tv\/index.php?rest_route=\/wp\/v2\/posts"}],"about":[{"href":"https:\/\/www.wwwagner.tv\/index.php?rest_route=\/wp\/v2\/types\/post"}],"author":[{"embeddable":true,"href":"https:\/\/www.wwwagner.tv\/index.php?rest_route=\/wp\/v2\/users\/2"}],"replies":[{"embeddable":true,"href":"https:\/\/www.wwwagner.tv\/index.php?rest_route=%2Fwp%2Fv2%2Fcomments&post=54221"}],"version-history":[{"count":3,"href":"https:\/\/www.wwwagner.tv\/index.php?rest_route=\/wp\/v2\/posts\/54221\/revisions"}],"predecessor-version":[{"id":54225,"href":"https:\/\/www.wwwagner.tv\/index.php?rest_route=\/wp\/v2\/posts\/54221\/revisions\/54225"}],"wp:featuredmedia":[{"embeddable":true,"href":"https:\/\/www.wwwagner.tv\/index.php?rest_route=\/wp\/v2\/media\/51003"}],"wp:attachment":[{"href":"https:\/\/www.wwwagner.tv\/index.php?rest_route=%2Fwp%2Fv2%2Fmedia&parent=54221"}],"wp:term":[{"taxonomy":"category","embeddable":true,"href":"https:\/\/www.wwwagner.tv\/index.php?rest_route=%2Fwp%2Fv2%2Fcategories&post=54221"},{"taxonomy":"post_tag","embeddable":true,"href":"https:\/\/www.wwwagner.tv\/index.php?rest_route=%2Fwp%2Fv2%2Ftags&post=54221"}],"curies":[{"name":"wp","href":"https:\/\/api.w.org\/{rel}","templated":true}]}}