{"id":54467,"date":"2025-03-22T18:05:20","date_gmt":"2025-03-22T16:05:20","guid":{"rendered":"https:\/\/www.wwwagner.tv\/?p=54467"},"modified":"2025-03-26T02:06:31","modified_gmt":"2025-03-26T00:06:31","slug":"medienmagazin-vom-22-03-2025","status":"publish","type":"post","link":"https:\/\/www.wwwagner.tv\/?p=54467","title":{"rendered":"Medienmagazin vom 22.03.2025"},"content":{"rendered":"<p><span style=\"font-size: 11pt; font-family: tahoma,arial,helvetica,sans-serif;\"><br \/>\n <audio   controls > <source src=\"https:\/\/rbbmediapmdp-a.akamaihd.net\/content\/18\/51\/185146c6-0cdf-494b-8629-f5feca722407\/d4cc51d2-ec6b-46c5-b3aa-bf7cfb48e6df_dedcf019-50af-42d8-9e69-50b17d467c48_128k.mp3\" type='audio\/mpeg' \/> <object   type=\"application\/x-shockwave-flash\"  data=\"https:\/\/www.wwwagner.tv\/wp-content\/plugins\/wphtml5player\/inc\/flowplayer.swf\"  width=\"400\"  height=\"30\"> <param name=\"movie\" value='https:\/\/www.wwwagner.tv\/wp-content\/plugins\/wphtml5player\/inc\/flowplayer.swf' \/><param name=\"allowfullscreen\" value='false' \/><param name=\"cachebusting\" value='true' \/><param name=\"bgcolor\" value='#000000' \/><param name=\"flashvars\" value='config={\"plugins\":{\"controls\":{\"height\":30,\"autoHide\":false,\"fullscreen\":false}},\"clip\":{\"autoPlay\":false,\"url\":\"https:\\\/\\\/rbbmediapmdp-a.akamaihd.net\\\/content\\\/18\\\/51\\\/185146c6-0cdf-494b-8629-f5feca722407\\\/d4cc51d2-ec6b-46c5-b3aa-bf7cfb48e6df_dedcf019-50af-42d8-9e69-50b17d467c48_128k.mp3\"},\"playlist\":[{\"autoPlay\":false,\"url\":\"https:\\\/\\\/rbbmediapmdp-a.akamaihd.net\\\/content\\\/18\\\/51\\\/185146c6-0cdf-494b-8629-f5feca722407\\\/d4cc51d2-ec6b-46c5-b3aa-bf7cfb48e6df_dedcf019-50af-42d8-9e69-50b17d467c48_128k.mp3\"}],\"play\":{\"opacity\":0}}' \/>  No audio playback capabilities, please download the audio below<br \/><strong>Download Audio:<\/strong> Closed Format: <a href=\"https:\/\/rbbmediapmdp-a.akamaihd.net\/content\/18\/51\/185146c6-0cdf-494b-8629-f5feca722407\/d4cc51d2-ec6b-46c5-b3aa-bf7cfb48e6df_dedcf019-50af-42d8-9e69-50b17d467c48_128k.mp3\">MP3<\/a> <\/object> <!-- Generated by HTML5 Multimedia Framework (http:\/\/code.google.com\/p\/html5videoplayer) --> <\/audio>  <br \/>\n<a href=\"https:\/\/rbbmediapmdp-a.akamaihd.net\/content\/18\/51\/185146c6-0cdf-494b-8629-f5feca722407\/d4cc51d2-ec6b-46c5-b3aa-bf7cfb48e6df_dedcf019-50af-42d8-9e69-50b17d467c48_128k.mp3\" target=\"_blank\" rel=\"noopener noreferrer\">Download<\/a><br \/>\n<span style=\"color: #666666;\"> (verlinkte Audio-Quelle bis zur Depublizierung: rbb, radioeins)<\/span><br \/>\n* via <a href=\"http:\/\/bit.ly\/UiK8m2\" rel=\"noopener noreferrer\" target=\"_blank\">radioeins.de<\/a><br \/>\n* via <a href=\"http:\/\/bit.ly\/2QPyw0c\" rel=\"noopener noreferrer\" target=\"_blank\">ARD-Audiothek<\/a><br \/>\n* via <a href=\"https:\/\/open.spotify.com\/show\/7xVQUA4ge6g5IUsCYk5qtE?si=d4af4d1f18f94ddc\" rel=\"noopener\" target=\"_blank\">spotify<\/a><br \/>\n* via <a href=\"https:\/\/podcasts.apple.com\/de\/podcast\/medienmagazin\/id160843212\" rel=\"noopener\" target=\"_blank\">Apple PodCasts<\/a><br \/>\n* via ALEXA: &#8222;Alexa, spiele Medienmagazin (von radioeins!)&#8220;<br \/>\n* via Google Home: &#8222;Ok, Google, spiele radioeins Medienmagazin!&#8220;<br \/>\n* via <a href=\"https:\/\/music.amazon.de\/podcasts\/7afb1048-853d-4021-a704-7ba7e902e6ac\/medienmagazin\" rel=\"noopener\" target=\"_blank\">Amazonmusic<\/a><\/p>\n<div style=\"height: 10px;\"><\/div>\n<p><span style=\"font-size: 11pt; font-family: tahoma,arial,helvetica,sans-serif;\"><br \/>\nUS-AUSLANDSSENDER | DEUTSCHE WELLE | DIGITALRADIO DAB+ | 5G BROADCAST<\/p>\n<p><span style=\"font-size: 11pt; font-family: tahoma,arial,helvetica,sans-serif;\"><br \/>\n(00:00) INTRO: Jeffrey Gedmin (MM 29.04.2017) | (02:24) USA: Kahlschlag bei US-Auslandssendern (1) &#8211; Kai Ludwig | (12:27) USA: Kahlschlag bei US-Auslandssendern (2) &#8211; Reaktion der Deutsche Welle &#8211; Peter Limbourg | (20:01) DIGITALRADIO: Die Zukunft ist klar &#8211; Aber wann? &#8211; Stefan Raue | (37:02) DIGITAL: 5G Broadcast ab 2027? &#8211; Remo Vogel | (44:15) BONUS: Mit Radio Farda f\u00fcr Meinungsfreiheit im Iran (MM 18.06.2005) | (52:34) BONUS: US-Auslandssender wie RFL\/RFE unter Trump &#8211; Jeffrey Gedmin (MM 29.04.2017) || J\u00f6rg Wagner<\/p>\n<hr \/>\n<p><span style=\"font-size: 11pt; font-family: tahoma,arial,helvetica,sans-serif;\"><br \/>\n<strong>INTRO: Trumps erste Streichaktion 2017 bei US-Auslandssendern <\/strong><br \/>\nO-Ton: Dr. Jeffrey Gedmin, US-Politologe, Atlantic Council Washington, Georgetown University, von 2007-2011 Pr\u00e4sident RFE\/RL in Prag<br \/>\nQuelle: Medienmagazin vom 29.04.2017<br \/>\n<span style=\"font-size: 11pt; font-family: tahoma,arial,helvetica,sans-serif;\"><br \/>\n<strong>1. USA: Kahlschlag bei US-Auslandssendern (1)<\/strong><br \/>\nPr\u00e4sident Trump k\u00fcrzt in seiner zweiten Amtszeit \u00fcber den Weg der Mittelstreichung bei der United States Agency for Global Media (USAGM), auch wieder die Budgets der US-Auslandssender wie \u201cVoice of America\u201d, \u201cRadio Marti\u201d, \u201cRadio Liberty\u201d, \u201cRadio Free Europe\u201d, \u201cRadio Free Asia\u201d. Diesmal so massiv, dass die Programme nicht mehr sendef\u00e4hig sind.<br \/>\nStudiogespr\u00e4ch mit Darstellung der Lage, dazu diverse O-T\u00f6ne u. a.:<br \/>\n* VOA, 1993 nach der Einstellung von Sendungen in Mitteleuropa<br \/>\n* Steven Herman, aktueller Chefkorrespondent der VOA<br \/>\n* Peter Limbourg, Intendant der Deutschen Welle (17.03.2025, 10:00 Uhr w\u00e4hrend eines Pressegespr\u00e4chs)<br \/>\n* Reduktion, Teilabschaltung des VoA-Programms am 15.03.2025<br \/>\nSowie aktuelles Material, aus einem angek\u00fcndigten BmE &#8222;Europa pr\u00fcft Rettung von Radio Free Europe&#8220; von Marianne Allweiss, Prag am Samstag<br \/>\nAutor: Kai Ludwig, Experte f\u00fcr Auslandsrundfunk (live)<br \/>\n<span style=\"font-size: 11pt; font-family: tahoma,arial,helvetica,sans-serif;\"><br \/>\n<strong>2. USA: Kahlschlag bei US-Auslandssendern (2) &#8211; Reaktion der Deutsche Welle<\/strong><br \/>\nDie Deutsche Welle will sich mit anderen europ\u00e4ischen Auslands\u00adsendern beraten, wie die Streichungen bei der United States Agency for Global Media (USAGM) kompensiert werden k\u00f6nnen. Man bef\u00fcrchte &#8222;dramatische Folgen f\u00fcr einen demokratischen, fundierten Journalismus&#8220;. Wird die neue Bundesregierung die Deutsche Welle dabei unterst\u00fctzen, da sie &#8211; anders als ARD\/ZDF\/Deutschlandradio &#8211; aus dem Staatshaushalt finanziert wird?<br \/>\nSchaltgespr\u00e4ch mit Peter Limbourg, Intendant der Deutschen Welle<br \/>\n(Aufzeichnung, 17.03.2025, 10:00 Uhr w\u00e4hrend eines Pressegespr\u00e4chs)<br \/>\n<span style=\"font-size: 11pt; font-family: tahoma,arial,helvetica,sans-serif;\"><br \/>\n<strong>3. DIGITALRADIO: Die Zukunft ist klar &#8211; Aber wann?<\/strong><br \/>\nDie analoge terrestrische Verbreitung von Radioprogrammen in Deutschland \u00fcber UKW ist nach wie vor stabil und DIE Empfangsart Nummer 1. Dennoch ist seit Jahrzehnten klar, dass UKW ein Auslaufmodell ist. In Schleswig-Holstein und Bayern nach Pl\u00e4nen der Landesmedienanstalten schneller als in Berlin und Brandenburg. Doch ist DAB+ nicht inzwischen abgeh\u00e4ngt vom Streaming via Internet? Und am Radiohorizont wartet eine neue Technologie 5G Broadcast. Wie hoch ist die Bereitschaft des Privatfunks, UKW aufzugeben?<br \/>\nInterview mit Stefan Raue, Intendant des Deutschlandradios und Vorsitzender des Vereins Digitalradio Deutschland e.V. (Aufzeichnung, 13.03.2025, 13:30 Uhr)<br \/>\n<span style=\"font-size: 11pt; font-family: tahoma,arial,helvetica,sans-serif;\"><br \/>\n<strong>4. DIGITAL: 5G Broadcast ab 2027?<\/strong><br \/>\n\u201cGro\u00dfe europ\u00e4ische Rundfunkbetreiber signalisieren Smartphone-Produzenten, dass kommerzielle 5G Broadcast-Dienste ab 2027 bereit sind\u201d, so meldet es der Rundfunk- und Telekommunikationsdienstleister Media Broadcast in dieser Woche (18.03.2025). Vgl.: https:\/\/www.media-broadcast.com\/presse\/blog-post-title-one-rm4r2-y86ls-jf2sn-nsmtl-mynl9<br \/>\nDer rbb hat bereits Tests im Sommer 2024 mit 5G Broadcasts durchgef\u00fchrt. Aktuelle Eindr\u00fccke von der DVB World in M\u00fcnchen diese Woche (18.-19.03.2025) u. a. auch zu DVB-I.<br \/>\nSchaltgespr\u00e4ch mit Remo Vogel, Chair DVB Project, rbb Distribution (Aufzeichnung, 22.03.2025, 11:30 Uhr)<br \/>\n<span style=\"font-size: 11pt; font-family: tahoma,arial,helvetica,sans-serif;\"><br \/>\n<strong>PODCAST-Bonus:<\/strong><br \/>\n\u00b0 Langfassung Thema 3, Gespr\u00e4ch Stefan Raue, Intendant des Deutschlandradios und Vorsitzender des Vereins Digitalradio Deutschland e.V.<br \/>\n\u00b0 Mit Radio Farda f\u00fcr Meinungsfreiheit im Iran<br \/>\nStationsportr\u00e4t mit O-T\u00f6nen<br \/>\n* Radio Farda<br \/>\n* Ardavan Niknam, Prager Direktor<br \/>\n* Redakteurin Sharin<br \/>\nKai Ludwig\/J\u00f6rg Wagner<br \/>\nQuelle: Medienmagazin vom 18.06.2005<br \/>\n\u00b0 <a href=\"https:\/\/www.wwwagner.tv\/?p=35827\" target=\"_blank\">Interview<\/a> mit Dr. Jeffrey Gedmin, US-Politologe, Atlantic Council Washington, Georgetown University, von 2007-2011 Pr\u00e4sident RFE\/RL in Prag<br \/>\nQuelle: Medienmagazin vom 29.04.2017<\/p>\n<div style=\"height: 20px;\"><\/div>\n<hr \/>\n<div style=\"height: 5px;\"><\/div>\n<p><html><br \/>\n     <head><\/p>\n<style type=\"text\/css\">\n       body {\n                     background: #DADADA;\n       }\n      <\/style>\n<p>     <\/head><br \/>\n     <body><br \/>\n<\/body><br \/>\n    <\/html><\/span><\/span><\/span><\/span><\/span><\/span><\/span><\/span><\/span><\/p>\n","protected":false},"excerpt":{"rendered":"<p>No audio playback capabilities, please download the audio belowDownload Audio: Closed Format: MP3 Download (verlinkte Audio-Quelle bis zur Depublizierung: rbb, radioeins) * via radioeins.de * via ARD-Audiothek * via spotify * via Apple PodCasts * via ALEXA: &#8222;Alexa, spiele Medienmagazin (von radioeins!)&#8220; * via Google Home: &#8222;Ok, Google, spiele radioeins Medienmagazin!&#8220; * via Amazonmusic US-AUSLANDSSENDER [&hellip;]<\/p>\n","protected":false},"author":2,"featured_media":51003,"comment_status":"closed","ping_status":"open","sticky":false,"template":"","format":"standard","meta":{"_monsterinsights_skip_tracking":false,"_monsterinsights_sitenote_active":false,"_monsterinsights_sitenote_note":"","_monsterinsights_sitenote_category":0,"footnotes":""},"categories":[4],"tags":[973,1124,238,97,1420,1418,846],"class_list":["post-54467","post","type-post","status-publish","format-standard","has-post-thumbnail","hentry","category-medienmagazin","tag-5g","tag-5g-broadcast","tag-dabplus","tag-deutsche-welle","tag-rfe-rl","tag-us-auslandsender","tag-voa"],"_links":{"self":[{"href":"https:\/\/www.wwwagner.tv\/index.php?rest_route=\/wp\/v2\/posts\/54467","targetHints":{"allow":["GET"]}}],"collection":[{"href":"https:\/\/www.wwwagner.tv\/index.php?rest_route=\/wp\/v2\/posts"}],"about":[{"href":"https:\/\/www.wwwagner.tv\/index.php?rest_route=\/wp\/v2\/types\/post"}],"author":[{"embeddable":true,"href":"https:\/\/www.wwwagner.tv\/index.php?rest_route=\/wp\/v2\/users\/2"}],"replies":[{"embeddable":true,"href":"https:\/\/www.wwwagner.tv\/index.php?rest_route=%2Fwp%2Fv2%2Fcomments&post=54467"}],"version-history":[{"count":3,"href":"https:\/\/www.wwwagner.tv\/index.php?rest_route=\/wp\/v2\/posts\/54467\/revisions"}],"predecessor-version":[{"id":54470,"href":"https:\/\/www.wwwagner.tv\/index.php?rest_route=\/wp\/v2\/posts\/54467\/revisions\/54470"}],"wp:featuredmedia":[{"embeddable":true,"href":"https:\/\/www.wwwagner.tv\/index.php?rest_route=\/wp\/v2\/media\/51003"}],"wp:attachment":[{"href":"https:\/\/www.wwwagner.tv\/index.php?rest_route=%2Fwp%2Fv2%2Fmedia&parent=54467"}],"wp:term":[{"taxonomy":"category","embeddable":true,"href":"https:\/\/www.wwwagner.tv\/index.php?rest_route=%2Fwp%2Fv2%2Fcategories&post=54467"},{"taxonomy":"post_tag","embeddable":true,"href":"https:\/\/www.wwwagner.tv\/index.php?rest_route=%2Fwp%2Fv2%2Ftags&post=54467"}],"curies":[{"name":"wp","href":"https:\/\/api.w.org\/{rel}","templated":true}]}}