{"id":54492,"date":"2025-04-12T18:05:39","date_gmt":"2025-04-12T16:05:39","guid":{"rendered":"https:\/\/www.wwwagner.tv\/?p=54492"},"modified":"2025-04-16T00:02:00","modified_gmt":"2025-04-15T22:02:00","slug":"54492","status":"publish","type":"post","link":"https:\/\/www.wwwagner.tv\/?p=54492","title":{"rendered":"Medienmagazin vom 12.04.2025"},"content":{"rendered":"<p><span style=\"font-size: 11pt; font-family: tahoma,arial,helvetica,sans-serif;\"><br \/>\n <audio   controls > <source src=\"https:\/\/rbbmediapmdp-a.akamaihd.net\/content\/9a\/ce\/9ace011a-24b9-43f6-a1b0-633b7262f92a\/102266ac-02b1-4f79-b512-3f21351dbd97_3558d51a-1292-4f98-a113-92a5086120ad_128k.mp3\" type='audio\/mpeg' \/> <object   type=\"application\/x-shockwave-flash\"  data=\"https:\/\/www.wwwagner.tv\/wp-content\/plugins\/wphtml5player\/inc\/flowplayer.swf\"  width=\"400\"  height=\"30\"> <param name=\"movie\" value='https:\/\/www.wwwagner.tv\/wp-content\/plugins\/wphtml5player\/inc\/flowplayer.swf' \/><param name=\"allowfullscreen\" value='false' \/><param name=\"cachebusting\" value='true' \/><param name=\"bgcolor\" value='#000000' \/><param name=\"flashvars\" value='config={\"plugins\":{\"controls\":{\"height\":30,\"autoHide\":false,\"fullscreen\":false}},\"clip\":{\"autoPlay\":false,\"url\":\"https:\\\/\\\/rbbmediapmdp-a.akamaihd.net\\\/content\\\/9a\\\/ce\\\/9ace011a-24b9-43f6-a1b0-633b7262f92a\\\/102266ac-02b1-4f79-b512-3f21351dbd97_3558d51a-1292-4f98-a113-92a5086120ad_128k.mp3\"},\"playlist\":[{\"autoPlay\":false,\"url\":\"https:\\\/\\\/rbbmediapmdp-a.akamaihd.net\\\/content\\\/9a\\\/ce\\\/9ace011a-24b9-43f6-a1b0-633b7262f92a\\\/102266ac-02b1-4f79-b512-3f21351dbd97_3558d51a-1292-4f98-a113-92a5086120ad_128k.mp3\"}],\"play\":{\"opacity\":0}}' \/>  No audio playback capabilities, please download the audio below<br \/><strong>Download Audio:<\/strong> Closed Format: <a href=\"https:\/\/rbbmediapmdp-a.akamaihd.net\/content\/9a\/ce\/9ace011a-24b9-43f6-a1b0-633b7262f92a\/102266ac-02b1-4f79-b512-3f21351dbd97_3558d51a-1292-4f98-a113-92a5086120ad_128k.mp3\">MP3<\/a> <\/object> <!-- Generated by HTML5 Multimedia Framework (http:\/\/code.google.com\/p\/html5videoplayer) --> <\/audio>  <br \/>\n<a href=\"https:\/\/rbbmediapmdp-a.akamaihd.net\/content\/9a\/ce\/9ace011a-24b9-43f6-a1b0-633b7262f92a\/102266ac-02b1-4f79-b512-3f21351dbd97_3558d51a-1292-4f98-a113-92a5086120ad_128k.mp3\" target=\"_blank\" rel=\"noopener noreferrer\">Download<\/a><br \/>\n<span style=\"color: #666666;\"> (verlinkte Audio-Quelle bis zur Depublizierung: rbb, radioeins)<\/span><br \/>\n* via <a href=\"http:\/\/bit.ly\/UiK8m2\" rel=\"noopener noreferrer\" target=\"_blank\">radioeins.de<\/a><br \/>\n* via <a href=\"http:\/\/bit.ly\/2QPyw0c\" rel=\"noopener noreferrer\" target=\"_blank\">ARD-Audiothek<\/a><br \/>\n* via <a href=\"https:\/\/open.spotify.com\/show\/7xVQUA4ge6g5IUsCYk5qtE?si=d4af4d1f18f94ddc\" rel=\"noopener\" target=\"_blank\">spotify<\/a><br \/>\n* via <a href=\"https:\/\/podcasts.apple.com\/de\/podcast\/medienmagazin\/id160843212\" rel=\"noopener\" target=\"_blank\">Apple PodCasts<\/a><br \/>\n* via ALEXA: &#8222;Alexa, spiele Medienmagazin (von radioeins!)&#8220;<br \/>\n* via Google Home: &#8222;Ok, Google, spiele radioeins Medienmagazin!&#8220;<br \/>\n* via <a href=\"https:\/\/music.amazon.de\/podcasts\/7afb1048-853d-4021-a704-7ba7e902e6ac\/medienmagazin\" rel=\"noopener\" target=\"_blank\">Amazonmusic<\/a><\/p>\n<div style=\"height: 10px;\"><\/div>\n<p><span style=\"font-size: 11pt; font-family: tahoma,arial,helvetica,sans-serif;\"><br \/>\nRBB RUNDFUNKRAT GELBHAAR, ZIELBILD 2028 | ZDF DIGITAL PUBLIC VALUE | WIKIPEDIA<\/p>\n<p><span style=\"font-size: 11pt; font-family: tahoma,arial,helvetica,sans-serif;\"><br \/>\n(00:00) INTRO: Vorw\u00fcrfe von der Rechtsaufsicht an den rbb &#8211; Ulrike Demmer | (01:46) RUNDFUNKRAT: Sondersitzung zu den Ergebnissen der Untersuchung zur fehlerhaften RBB-Berichterstattung, Ableitungen aus dem Bericht und zum \u201cZielbild 2028\u201d und zu den Vorw\u00fcrfen der Rechtsaufsicht &#8211; Ulrike Demmer &#8211; Katrin G\u00fcnther | (10:52) RUNDFUNKRAT: Reaktionen &#8211; Anja-Christin Faber &#8211; Andres Veiel | (17:08) ZDF: Gutachten &#8222;Perspektiven f\u00fcr den Digitalen Public Value im ZDF&#8220; &#8211; Dr. Norbert Himmler &#8211; Prof. Dr. Leyla Dogruel | (28:26) KI: &#8222;Bedrohung oder Bereicherung? Wie die Wikipedia mit KI-Texten umgeht&#8220; &#8211; Michael Meyer | (35:28) BONUS: \u00d6ffentliche Vorstellung der vom ZDF-Verwaltungsrat in Auftrag gegebenen Potenzialanalyse zu &#8222;Perspektiven f\u00fcr den Digitalen Public Value im ZDF&#8220; &#8211; Dr. Wulf Schmiese | (38:38) BONUS: Potenzialanalyse &#8211; Er\u00f6ffnungsvortrag &#8211; Malu Dreyer | (47:44) BONUS: Potenzialanalyse &#8211; Einf\u00fchrungsvortrag &#8211; Prof. Dr. Frank Lobigs | (1:00:27) BONUS: Potenzialanalyse &#8211; Diskussion | (2:12:44) BONUS: \u00d6ffentliche Sitzung des rbb-Rundfunkrates &#8211; 11.04.2025 &#8211; TOP 1 Begr\u00fc\u00dfung und Regularien , TOP 2 Verabschiedung von Protokollen &#8211; Frank Becker | (2:23:36) BONUS: TOP 3 Bericht des Direktoriums &#8211; Ulrike Demmer | (3:27:50) BONUS: TOP 5 \u201eZielbild 2028\u201c &#8211; Ulrike Demmer, Peter Parycek, Katrin G\u00fcnther, Michael Fahner, Silke Borkmann | (5:00:07) BONUS: TOP 4 &#8211; Bericht des Verwaltungsrats &#8211; Juliane Sch\u00fctt | (5:05:43) BONUS: TOP 7 Programmbeschwerden &#8211; Frank Feuersch\u00fctz | (5:14:01) BONUS: TOP 8 Inkraftsetzungsregelung der neuen rbb-Satzung &#8211; Frank Becker | (5:18:16) BONUS: TOP 6 Ergebnisse der Untersuchung zur fehlerhaften RBB-Berichterstattung und Ableitungen aus dem Bericht &#8211; Ulrike Demmer, Katrin G\u00fcnther | (6:16:59) BONUS: TOP 9 Berichte aus den Aussch\u00fcssen und Vertretungen &#8211; Martina Schrey, Frank Feuersch\u00fctz, Christian Amsinck, Katharina Riedel, Andrea K\u00fchnemann, Erik Stohn | (6:34:22) BONUS: TOP 10 Verschiedenes || J\u00f6rg Wagner<\/p>\n<hr \/>\n<p><span style=\"font-size: 11pt; font-family: tahoma,arial,helvetica,sans-serif;\"><br \/>\n<strong>INTRO: Vorw\u00fcrfe von der Rechtsaufsicht an den rbb<\/strong><br \/>\nO-Ton: Ulrike Demmer, rbb-Intendantin<br \/>\nQuelle: Rundfunkratssitzung, HdR, 11.04.2025, 16:00 Uhr<br \/>\n<span style=\"font-size: 11pt; font-family: tahoma,arial,helvetica,sans-serif;\"><br \/>\n<strong>1. RUNDFUNKRAT: Sondersitzung zu den Ergebnissen der Untersuchung zur fehlerhaften RBB-Berichterstattung, Ableitungen aus dem Bericht und zum \u201cZielbild 2028\u201d, sowie zu den Vorw\u00fcrfen der Rechtsaufsicht<\/strong><br \/>\nO-T\u00f6ne:<br \/>\n* Ulrike Demmer, rbb-Intendantin (Redeausschnitt)<br \/>\n* Katrin G\u00fcnther, gesch\u00e4ftsf\u00fchrende rbb-Programmdirektorin (Redeausschnitt)<br \/>\nDoppel-Interview mit:<br \/>\n* Anja-Christin Faber, entsandt vom Landesfrauenrat Berlin e. V. und Frauenpolitischer Rat Land Brandenburg e. V.<br \/>\n* Andres Veiel, entsandt von der Akademie der K\u00fcnste<br \/>\n(Aufzeichnung 11.04.2025, 16:05-20:50 Uhr, Haus des Rundfunks, Berlin)<br \/>\nAutor: J\u00f6rg Wagner<br \/>\nVgl.:<br \/>\n* Intendantin Ulrike Demmer ermahnt &#8211; Rechtsaufsicht wirft RBB-Chefin Verschwendung vor, B.Z., <a href=\"https:\/\/www.bz-berlin.de\/berlin\/rbb-chefin-vorwurf-der-verschwendung\" target=\"_blank\">11.04.2025<\/a>, 17:47 Uhr<br \/>\n* Wieder Beben beim ARD-Sender &#8211; Rechtsaufsicht wirft RBB-Chefin Verschwendung vor, bild.de, <a href=\"https:\/\/www.bild.de\/news\/inland\/intendantin-im-fokus-rechtsaufsicht-wirft-rbb-chefin-verschwendung-vor-67ea98111fbfdc58b2a641fc\" target=\"_blank\">11.04.2025<\/a>, 21:26 Uhr<br \/>\n* Biesinger-Versetzung &#8211; rbb wei\u00dft Kritik der Senatskanzlei zur\u00fcck, epd medien, <a href=\"https:\/\/medien.epd.de\/article\/2896\" target=\"_blank\">11.04.2025<\/a>, 21:51 Uhr<br \/>\n<span style=\"font-size: 11pt; font-family: tahoma,arial,helvetica,sans-serif;\"><br \/>\n<strong>2. ZDF: Gutachten &#8222;Perspektiven f\u00fcr den Digitalen Public Value im ZDF&#8220; <\/strong><br \/>\n\u201cDas Gutachten analysiert die Potenziale, die das ZDF unter den fundamental ver\u00e4nderten Rahmenbedingungen f\u00fcr den \u00f6ffentlich-rechtlichen Rundfunk im digitalen Zeitalter heben k\u00f6nnte, um Initiator einer Infrastruktur zu sein, die der Gesellschaft und ihrer \u00f6ffentlichen Meinungsbildung nutzt.\u201d<br \/>\nO-Ton: Malu Dreyer, ZDF-Verwaltungsratsvorsitzende (Redeausschnitt)<br \/>\nInterviews mit<br \/>\n* Dr. Norbert Himmler, ZDF-Intendant<br \/>\n* Prof. Dr. Leyla Dogruel, Professorin f\u00fcr Kommunikationswissenschaft mit Schwerpunkt Soziale Kommunikation an der Universit\u00e4t Erfurt.<br \/>\n(Aufzeichnung 11.04.2025, 11:30-13:10 Uhr, ZDF-Hauptstadtstudio im Zollernhof, Berlin)<br \/>\nAutor: J\u00f6rg Wagner<br \/>\nVgl.:<br \/>\n* Potenzialanalyse: Digitaler Public Value im ZDF (<a href=\"https:\/\/www.zdf.de\/assets\/potenzialanalyse-digitaler-public-value-im-zdf-100~original?cb=1744666127192\" target=\"_blank\">Zusammenfassung als PDF<\/a>)<br \/>\n* Die gesamte Pozenzialanalyse (<a href=\"https:\/\/www.zdf.de\/assets\/potenzialanalyse-digitaler-public-value-im-zdf-102~original?cb=1744666127192\" target=\"_blank\">als PDF<\/a>)<br \/>\n* ZDF-Pressemittelung vom <a href=\"https:\/\/presseportal.zdf.de\/pressemitteilung\/zdf-verwaltungsrat-veroeffentlicht-potenzialanalyse-zur-kuenftigen-digitalen-infrastruktur-des-zdf\" target=\"_blank\">11.04.2025<\/a>, 11:30 Uhr<br \/>\n* <a href=\"https:\/\/www.zdf.de\/unternehmen\/organisation\/gremien\/verwaltungsrat\/digitaler-public-value-des-zdf-100.html\" target=\"_blank\">Seite<\/a> vom ZDF-Verwaltungsrat zum Gutachten<br \/>\n<span style=\"font-size: 11pt; font-family: tahoma,arial,helvetica,sans-serif;\"><br \/>\n<strong>3. KI: &#8222;Bedrohung oder Bereicherung? Wie die Wikipedia mit KI-Texten umgeht&#8220;<\/strong><br \/>\nAuch gemeinn\u00fctzige Unternehmen wie Wikimedia sind von den aktuellen Entwicklungen mit K\u00fcnstlicher Intelligenz betroffen. Was passiert, wenn sich Autorinnen und Autoren KI bei der Erstellung von Artikeln bedienen? Wo Wikipedia und K\u00fcnstliche Intelligenz zusammenpassen und an welchen Stellen nicht.<br \/>\nLeitungsgespr\u00e4ch mit O-T\u00f6nen von:<br \/>\n* Salino01, langj\u00e4hriger Autor der Wikipedia<br \/>\n* Franziska Heine, Vorstandsmitglied der Wikimedia Deutschland<br \/>\nAutor: Michael Meyer (Aufzeichnung 01.04.2025, 12:00 Uhr)<br \/>\n<span style=\"font-size: 11pt; font-family: tahoma,arial,helvetica,sans-serif;\"><br \/>\n<strong>PODCAST-BONUS:<\/strong><br \/>\n\u00b0 \u00d6ffentliche Vorstellung der vom ZDF-Verwaltungsrat in Auftrag gegebenen Potenzialanalyse zu &#8222;Perspektiven f\u00fcr den Digitalen Public Value im ZDF&#8220;<br \/>\n\u201cDas Gutachten analysiert die Potenziale, die das ZDF unter den fundamental ver\u00e4nderten Rahmenbedingungen f\u00fcr den \u00f6ffentlich-rechtlichen Rundfunk im digitalen Zeitalter heben k\u00f6nnte, um Initiator einer Infrastruktur zu sein, die der Gesellschaft und ihrer \u00f6ffentlichen Meinungsbildung nutzt.\u201d<br \/>\n<figure id=\"attachment_54498\" aria-describedby=\"caption-attachment-54498\" style=\"width: 600px\" class=\"wp-caption alignnone\"><img loading=\"lazy\" decoding=\"async\" src=\"https:\/\/www.wwwagner.tv\/wp-content\/uploads\/20250411_IMG_3695-2_600\u00d7278.jpg\" alt=\"\" width=\"600\" height=\"278\" class=\"size-full wp-image-54498\" srcset=\"https:\/\/www.wwwagner.tv\/wp-content\/uploads\/20250411_IMG_3695-2_600\u00d7278.jpg 600w, https:\/\/www.wwwagner.tv\/wp-content\/uploads\/20250411_IMG_3695-2_600\u00d7278-300x139.jpg 300w\" sizes=\"auto, (max-width: 600px) 100vw, 600px\" \/><figcaption id=\"caption-attachment-54498\" class=\"wp-caption-text\">Malu Dreyer, ZDF-Verwaltungsratsvorsitzende (Er\u00f6ffnungsrede) | Foto: \u00a9 J\u00f6rg Wagner<\/figcaption><\/figure><br \/>\n<figure id=\"attachment_54500\" aria-describedby=\"caption-attachment-54500\" style=\"width: 600px\" class=\"wp-caption alignnone\"><img loading=\"lazy\" decoding=\"async\" src=\"https:\/\/www.wwwagner.tv\/wp-content\/uploads\/20250411_IMG_3701-2_600\u00d7279.jpg\" alt=\"\" width=\"600\" height=\"279\" class=\"size-full wp-image-54500\" srcset=\"https:\/\/www.wwwagner.tv\/wp-content\/uploads\/20250411_IMG_3701-2_600\u00d7279.jpg 600w, https:\/\/www.wwwagner.tv\/wp-content\/uploads\/20250411_IMG_3701-2_600\u00d7279-300x140.jpg 300w\" sizes=\"auto, (max-width: 600px) 100vw, 600px\" \/><figcaption id=\"caption-attachment-54500\" class=\"wp-caption-text\">Prof. Dr. Frank Lobigs, Professur f\u00fcr Medien\u00f6konomie, TU Dortmund (Einf\u00fchrungsrede) | Foto: \u00a9 J\u00f6rg Wagner<\/figcaption><\/figure><\/p>\n<p><span style=\"font-size: 11pt; font-family: tahoma,arial,helvetica,sans-serif;\"><br \/>\nDiskussion (v.l.n.r.):<br \/>\n* Dr. Wulf Schmiese, Stellvertretender Leiter ZDF-Hauptstadtstudio und Moderator von &#8222;Berlin direkt&#8220;, ZDF Berlin (Moderation)<br \/>\n* Prof. Christina Elmer, Digitaler Journalismus \/ Datenjournalismus, TU Dortmund<br \/>\n* Prof. Dr. Leyla Dogruel, Kommunikationswissenschaft mit Schwerpunkt Soziale Kommunikation, Universit\u00e4t Erfurt<br \/>\n* Prof. Dr. Tobias Gostomzyk, Medienrecht, TU Dortmund<br \/>\n* Prof. Dr. Katharina de la Durantaye, Lehrstuhl f\u00fcr B\u00fcrgerliches Recht und Recht der Digitalisierung, Humboldt-Universit\u00e4t zu Berlin<br \/>\n* Prof. Dr. Frank Lobigs, Professur f\u00fcr Medien\u00f6konomie, TU Dortmund<br \/>\n* Dr. Norbert Himmler, ZDF-Intendant<br \/>\n* Malu Dreyer, ZDF-Verwaltungsratsvorsitzende<br \/>\n(Aufzeichnung 11.04.2025, 11:30-13:10 Uhr, ZDF-Hauptstadtstudio im Zollernhof, Berlin)<\/p>\n<figure id=\"attachment_54496\" aria-describedby=\"caption-attachment-54496\" style=\"width: 600px\" class=\"wp-caption alignnone\"><img loading=\"lazy\" decoding=\"async\" src=\"https:\/\/www.wwwagner.tv\/wp-content\/uploads\/20250411_IMG_3716-2_600\u00d7450.jpg\" alt=\"\" width=\"600\" height=\"450\" class=\"size-full wp-image-54496\" srcset=\"https:\/\/www.wwwagner.tv\/wp-content\/uploads\/20250411_IMG_3716-2_600\u00d7450.jpg 600w, https:\/\/www.wwwagner.tv\/wp-content\/uploads\/20250411_IMG_3716-2_600\u00d7450-300x225.jpg 300w\" sizes=\"auto, (max-width: 600px) 100vw, 600px\" \/><figcaption id=\"caption-attachment-54496\" class=\"wp-caption-text\">Gutachter sehen ZDF als Erm\u00f6glicher eines Gegengewichts zu marktdominanten Plattformen | \u00a9 J\u00f6rg Wagner<\/figcaption><\/figure>\n<p><span style=\"font-size: 11pt; font-family: tahoma,arial,helvetica,sans-serif;\"><br \/>\n\u00b0 \u00d6ffentliche Sitzung des rbb-Rundfunkrates<br \/>\n(Aufzeichnung 11.04.2025, 16:05-20:42 Uhr, Haus des Rundfunks, Berlin)<\/p>\n<div style=\"height: 20px;\"><\/div>\n<hr \/>\n<div style=\"height: 5px;\"><\/div>\n<p><html><br \/>\n     <head><\/p>\n<style type=\"text\/css\">\n       body {\n                     background: #DADADA;\n       }\n      <\/style>\n<p>     <\/head><br \/>\n     <body><br \/>\n<\/body><br \/>\n    <\/html><\/span><\/span><\/span><\/span><\/span><\/span><\/span><\/span><\/span><\/span><\/p>\n","protected":false},"excerpt":{"rendered":"<p>No audio playback capabilities, please download the audio belowDownload Audio: Closed Format: MP3 Download (verlinkte Audio-Quelle bis zur Depublizierung: rbb, radioeins) * via radioeins.de * via ARD-Audiothek * via spotify * via Apple PodCasts * via ALEXA: &#8222;Alexa, spiele Medienmagazin (von radioeins!)&#8220; * via Google Home: &#8222;Ok, Google, spiele radioeins Medienmagazin!&#8220; * via Amazonmusic RBB [&hellip;]<\/p>\n","protected":false},"author":2,"featured_media":51003,"comment_status":"closed","ping_status":"open","sticky":false,"template":"","format":"standard","meta":{"_monsterinsights_skip_tracking":false,"_monsterinsights_sitenote_active":false,"_monsterinsights_sitenote_note":"","_monsterinsights_sitenote_category":0,"footnotes":""},"categories":[4],"tags":[88,1421,300,50],"class_list":["post-54492","post","type-post","status-publish","format-standard","has-post-thumbnail","hentry","category-medienmagazin","tag-rbb","tag-rbb-rundfunkrat","tag-wikipedia","tag-zdf"],"_links":{"self":[{"href":"https:\/\/www.wwwagner.tv\/index.php?rest_route=\/wp\/v2\/posts\/54492","targetHints":{"allow":["GET"]}}],"collection":[{"href":"https:\/\/www.wwwagner.tv\/index.php?rest_route=\/wp\/v2\/posts"}],"about":[{"href":"https:\/\/www.wwwagner.tv\/index.php?rest_route=\/wp\/v2\/types\/post"}],"author":[{"embeddable":true,"href":"https:\/\/www.wwwagner.tv\/index.php?rest_route=\/wp\/v2\/users\/2"}],"replies":[{"embeddable":true,"href":"https:\/\/www.wwwagner.tv\/index.php?rest_route=%2Fwp%2Fv2%2Fcomments&post=54492"}],"version-history":[{"count":34,"href":"https:\/\/www.wwwagner.tv\/index.php?rest_route=\/wp\/v2\/posts\/54492\/revisions"}],"predecessor-version":[{"id":54529,"href":"https:\/\/www.wwwagner.tv\/index.php?rest_route=\/wp\/v2\/posts\/54492\/revisions\/54529"}],"wp:featuredmedia":[{"embeddable":true,"href":"https:\/\/www.wwwagner.tv\/index.php?rest_route=\/wp\/v2\/media\/51003"}],"wp:attachment":[{"href":"https:\/\/www.wwwagner.tv\/index.php?rest_route=%2Fwp%2Fv2%2Fmedia&parent=54492"}],"wp:term":[{"taxonomy":"category","embeddable":true,"href":"https:\/\/www.wwwagner.tv\/index.php?rest_route=%2Fwp%2Fv2%2Fcategories&post=54492"},{"taxonomy":"post_tag","embeddable":true,"href":"https:\/\/www.wwwagner.tv\/index.php?rest_route=%2Fwp%2Fv2%2Ftags&post=54492"}],"curies":[{"name":"wp","href":"https:\/\/api.w.org\/{rel}","templated":true}]}}