{"id":54575,"date":"2025-05-24T18:05:54","date_gmt":"2025-05-24T16:05:54","guid":{"rendered":"https:\/\/www.wwwagner.tv\/?p=54575"},"modified":"2025-06-03T17:27:12","modified_gmt":"2025-06-03T15:27:12","slug":"medienmagazin-vom-24-05-2025","status":"publish","type":"post","link":"https:\/\/www.wwwagner.tv\/?p=54575","title":{"rendered":"Medienmagazin vom 24.05.2025"},"content":{"rendered":"<p><span style=\"font-size: 11pt; font-family: tahoma,arial,helvetica,sans-serif;\"><br \/>\n <audio   controls > <source src=\"https:\/\/rbbmediapmdp-a.akamaihd.net\/content\/32\/a3\/32a36cd4-32ca-4c2e-870e-91874b7c5bac\/44633b78-a558-46fd-b9ef-2eb6902e71ce_0645c4a6-079b-45dd-a55d-16a98845de1c_128k.mp3\" type='audio\/mpeg' \/> <object   type=\"application\/x-shockwave-flash\"  data=\"https:\/\/www.wwwagner.tv\/wp-content\/plugins\/wphtml5player\/inc\/flowplayer.swf\"  width=\"400\"  height=\"30\"> <param name=\"movie\" value='https:\/\/www.wwwagner.tv\/wp-content\/plugins\/wphtml5player\/inc\/flowplayer.swf' \/><param name=\"allowfullscreen\" value='false' \/><param name=\"cachebusting\" value='true' \/><param name=\"bgcolor\" value='#000000' \/><param name=\"flashvars\" value='config={\"plugins\":{\"controls\":{\"height\":30,\"autoHide\":false,\"fullscreen\":false}},\"clip\":{\"autoPlay\":false,\"url\":\"https:\\\/\\\/rbbmediapmdp-a.akamaihd.net\\\/content\\\/32\\\/a3\\\/32a36cd4-32ca-4c2e-870e-91874b7c5bac\\\/44633b78-a558-46fd-b9ef-2eb6902e71ce_0645c4a6-079b-45dd-a55d-16a98845de1c_128k.mp3\"},\"playlist\":[{\"autoPlay\":false,\"url\":\"https:\\\/\\\/rbbmediapmdp-a.akamaihd.net\\\/content\\\/32\\\/a3\\\/32a36cd4-32ca-4c2e-870e-91874b7c5bac\\\/44633b78-a558-46fd-b9ef-2eb6902e71ce_0645c4a6-079b-45dd-a55d-16a98845de1c_128k.mp3\"}],\"play\":{\"opacity\":0}}' \/>  No audio playback capabilities, please download the audio below<br \/><strong>Download Audio:<\/strong> Closed Format: <a href=\"https:\/\/rbbmediapmdp-a.akamaihd.net\/content\/32\/a3\/32a36cd4-32ca-4c2e-870e-91874b7c5bac\/44633b78-a558-46fd-b9ef-2eb6902e71ce_0645c4a6-079b-45dd-a55d-16a98845de1c_128k.mp3\">MP3<\/a> <\/object> <!-- Generated by HTML5 Multimedia Framework (http:\/\/code.google.com\/p\/html5videoplayer) --> <\/audio>  <br \/>\n<a href=\"https:\/\/rbbmediapmdp-a.akamaihd.net\/content\/32\/a3\/32a36cd4-32ca-4c2e-870e-91874b7c5bac\/44633b78-a558-46fd-b9ef-2eb6902e71ce_0645c4a6-079b-45dd-a55d-16a98845de1c_128k.mp3\" target=\"_blank\" rel=\"noopener noreferrer\">Download<\/a><br \/>\n<span style=\"color: #666666;\"> (verlinkte Audio-Quelle bis zur Depublizierung: rbb, radioeins)<\/span><br \/>\n* via <a href=\"http:\/\/bit.ly\/UiK8m2\" rel=\"noopener noreferrer\" target=\"_blank\">radioeins.de<\/a><br \/>\n* via <a href=\"http:\/\/bit.ly\/2QPyw0c\" rel=\"noopener noreferrer\" target=\"_blank\">ARD-Audiothek<\/a><br \/>\n* via <a href=\"https:\/\/open.spotify.com\/show\/7xVQUA4ge6g5IUsCYk5qtE?si=d4af4d1f18f94ddc\" rel=\"noopener\" target=\"_blank\">spotify<\/a><br \/>\n* via <a href=\"https:\/\/podcasts.apple.com\/de\/podcast\/medienmagazin\/id160843212\" rel=\"noopener\" target=\"_blank\">Apple PodCasts<\/a><br \/>\n* via ALEXA: &#8222;Alexa, spiele Medienmagazin (von radioeins!)&#8220;<br \/>\n* via Google Home: &#8222;Ok, Google, spiele radioeins Medienmagazin!&#8220;<br \/>\n* via <a href=\"https:\/\/music.amazon.de\/podcasts\/7afb1048-853d-4021-a704-7ba7e902e6ac\/medienmagazin\" rel=\"noopener\" target=\"_blank\">Amazonmusic<\/a><\/p>\n<div style=\"height: 10px;\"><\/div>\n<p><span style=\"font-size: 11pt; font-family: tahoma,arial,helvetica,sans-serif;\"><br \/>\nWELTB\u00dcHNE | JDJ-PREIS | META<br \/>\n<span style=\"font-size: 11pt; font-family: tahoma,arial,helvetica,sans-serif;\"><br \/>\n(00:00) INTRO: 60 Jahre \u201cMonitor\u201d | (02:39) PRINT: 80 Jahre \u201cBerliner Zeitung\u201d &#8211; Traditionsblatt \u201eDie Weltb\u00fchne\u201c jetzt im Berliner Verlag neu verlegt &#8211; Holger Friedrich | (28:24) PREIS: Journalistinnen und Journalisten des Jahres gek\u00fcrt &#8211; Eva Wolfangel &#8211; Vera Lin\u00df | (38:04) META: &#8222;Daten und Rechenpower sind gef\u00e4hrlicher als Atombomben&#8220; &#8211; Richard Gutjahr | (45:41) BONUS: Journalistinnen und Journalisten des Jahres &#8211; &#8222;medium magazin&#8220; &#8211; Kategorie Wissenschaft &#8211; Elena Koch &#8211; Eva Wolfangel | (57:13) BONUS: Kategorie Kultur &#8211; Andreas Wolfers &#8211; Nora Gantenbrink | (1:10:08) BONUS: Kategorie Lebenswerk &#8211; Leonhard Ottinger &#8211; Peter Kloeppel || J\u00f6rg Wagner<br \/>\n<span style=\"font-size: 11pt; font-family: tahoma,arial,helvetica,sans-serif;\"><br \/>\n<strong>INTRO: 60 Jahre \u201eMonitor\u201c<\/strong><br \/>\nO-T\u00f6ne: Emp\u00f6rte Politiker: Franz-Josef Strau\u00df, Theo Waigel, Wolfgang Clement<br \/>\nQuelle: Monitor, Das Erste, 22.05.2025 (Jubil\u00e4umsausgabe)<br \/>\n<div class=\"BorlabsCookie\"><div class=\"_brlbs-content-blocker\"> <div class=\"_brlbs-default\"> <p>Klicken Sie auf den unteren Button, um den Inhalt von www.ardmediathek.de zu laden.<\/p> <p><a class=\"_brlbs-btn\" href=\"#\" data-borlabs-cookie-unblock role=\"button\">Inhalt laden<\/a><\/p> <\/div> <\/div><div class=\"borlabs-hide\" data-borlabs-cookie-type=\"content-blocker\" data-borlabs-cookie-id=\"default\"><script type=\"text\/template\">PGlmcmFtZSBsb2FkaW5nPSJsYXp5IiBzcmM9Imh0dHBzOi8vd3d3LmFyZG1lZGlhdGhlay5kZS9lbWJlZC9ZM0pwWkRvdkwzZGtjaTVrWlM5Q1pXbDBjbUZuTFhOdmNHaHZjbUV0Tm1OaE5EaGlaak10WW1JeVl5MDBOamt5TFRsbU1XSXROalZqWVdZNE5HRXdOMlpsIiB3aWR0aD0iNjAwIiBoZWlnaHQ9IjMzOCIgYWxsb3dmdWxsc2NyZWVuIGFsbG93PSJjbGlwYm9hcmQtcmVhZDsgY2xpcGJvYXJkLXdyaXRlIiBmcmFtZUJvcmRlcj0iMCIgc2Nyb2xsaW5nPSJubyI+PC9pZnJhbWU+<\/script><\/div><\/div><br \/>\n<span style=\"font-size: 11pt; font-family: tahoma,arial,helvetica,sans-serif;\"><br \/>\nVgl.: Lotto-Glosse von Monitor (1994)<br \/>\n<div class=\"BorlabsCookie\"><div class=\"_brlbs-content-blocker\"> <div class=\"_brlbs-embed _brlbs-video-youtube\"> <img class=\"_brlbs-thumbnail\" src=\"https:\/\/www.wwwagner.tv\/wp-content\/plugins\/borlabs-cookie\/images\/cb-no-thumbnail.png\" alt=\"YouTube\"> <div class=\"_brlbs-caption\"> <p>Mit dem Laden des Videos akzeptieren Sie die Datenschutzerkl\u00e4rung von YouTube.<br><a href=\"https:\/\/policies.google.com\/privacy\" target=\"_blank\" rel=\"nofollow noopener noreferrer\">Mehr erfahren<\/a><\/p> <p><a class=\"_brlbs-btn _brlbs-icon-play-white\" href=\"#\" data-borlabs-cookie-unblock role=\"button\">Video laden<\/a><\/p> <p><label><input type=\"checkbox\" name=\"unblockAll\" value=\"1\" checked> <small>YouTube immer entsperren<\/small><\/label><\/p> <\/div> <\/div> <\/div><div class=\"borlabs-hide\" data-borlabs-cookie-type=\"content-blocker\" data-borlabs-cookie-id=\"youtube\"><script type=\"text\/template\">PGlmcmFtZSBsb2FkaW5nPSJsYXp5IiB3aWR0aD0iNjAwIiBoZWlnaHQ9IjMzOCIgc3JjPSJodHRwczovL3d3dy55b3V0dWJlLW5vY29va2llLmNvbS9lbWJlZC9ZaGp3TDRhNzVLMD9zaT1pTS1aUkt6MDFyYmhkV3N5IiB0aXRsZT0iWW91VHViZSB2aWRlbyBwbGF5ZXIiIGZyYW1lYm9yZGVyPSIwIiBhbGxvdz0iYWNjZWxlcm9tZXRlcjsgYXV0b3BsYXk7IGNsaXBib2FyZC13cml0ZTsgZW5jcnlwdGVkLW1lZGlhOyBneXJvc2NvcGU7IHBpY3R1cmUtaW4tcGljdHVyZTsgd2ViLXNoYXJlIiByZWZlcnJlcnBvbGljeT0ic3RyaWN0LW9yaWdpbi13aGVuLWNyb3NzLW9yaWdpbiIgYWxsb3dmdWxsc2NyZWVuPjwvaWZyYW1lPjwvcD4=<\/script><\/div><\/div>\n<p><span style=\"font-size: 11pt; font-family: tahoma,arial,helvetica,sans-serif;\"><br \/>\n<strong>1. RELAUNCH: Traditionsblatt \u201eDie Weltb\u00fchne\u201c jetzt im Berliner Verlag neu verlegt<\/strong><br \/>\nDer Verleger der \u201eBerliner Zeitung\u201c, Holger Friedrich, hat diese Woche (20.05.2025) &#8222;Die Weltb\u00fchne&#8220;, die im Jahr 1905 von Siegfried Jacobsohn gegr\u00fcndete &#8222;Wochenzeitschrift f\u00fcr Politik, Kunst und Wirtschaft&#8220; als Monatsmagazin neu aufgelegt. Kurt Tucholsky und Carl von Ossietzky waren die bekanntesten Leiter der \u201eWeltb\u00fchne\u201c, die nach einer Zwangspause in der NS-Zeit in der SBZ\/DDR wieder erschien. Sie \u00fcberlebte die Vereinigung drei Jahre und wurde 1993 eingestellt. Die Startauflage der neuen <a href=\"https:\/\/www.weltbuehne.com\/\" target=\"_blank\">\u201eWeltb\u00fchne\u201c<\/a> als Monatsmagazin betr\u00e4gt laut Verlag 25.000 Exemplare. Der Umfang liegt bei 30 Seiten bei einem Verkaufspreis von 11 Euro. Das Magazin wolle \u201efrech und bissig, antiautorit\u00e4r und antimilitaristisch, unterhaltsam und polemisch\u201c sein und verstehe sich als \u201eStachel im Fleisch eines verspie\u00dferten Zeitgeists\u201c.<br \/>\nO-T\u00f6ne:<br \/>\n* Lutz Bertram (Moderation), Bernd F. Lunkewitz, Verleger, Aufbau-Verlag, Quelle: Radio Brandenburg, ORB, 02.07.1993<br \/>\n* Dr. Helmut Reichardt, Herausgeber, Chefredakteur \u201eDie Weltb\u00fchne\u201c (1989-1993); Quelle: Radio Brandenburg, ORB, 01.07.1993<br \/>\n* Ilko-Sascha Kowalczuk, Historiker, Publizist; Quelle: Deutschlandfunk, <a href=\"https:\/\/www.deutschlandfunk.de\/zur-neuausgabe-der-weltbuehne-ilko-sascha-kowalczuk-im-gespraech-100.html\" target=\"_blank\">22.05.2025<\/a><br \/>\nStudiogespr\u00e4ch mit Holger Friedrich, Verleger Berliner Verlag (live)<br \/>\nAutor: J\u00f6rg Wagner<br \/>\nVgl.: &#8222;Nachrichten aus dem Kellertheater&#8220;, DER SPIEGEL 23\/2025, <a href=\"https:\/\/www.spiegel.de\/kultur\/neuauflage-der-weltbuehne-nachrichten-aus-dem-kellertheater-a-a104b878-0ed2-4aa7-8c6b-41136f99099b\" target=\"_blank\">31.05.2025<\/a>, 09:41 Uhr (\u20ac)<br \/>\n<span style=\"font-size: 11pt; font-family: tahoma,arial,helvetica,sans-serif;\"><br \/>\n<strong>2. PREIS: Journalistinnen und Journalisten des Jahres gek\u00fcrt<\/strong><br \/>\nAllj\u00e4hrlich sucht eine rund 100k\u00f6pfige Jury der Fachzeitschrift \u201emedium magazin\u201c in mehreren Kategorien die besten Journalistinnen und Journalisten. Anfang der Woche fand die feierliche \u00dcbergabe der Urkunden statt. Im Medienmagazin kommt die Preistr\u00e4gerin in der Kategorie \u201eWissenschaft&#8220; zu Wort: Eva Wolfangel, die sich seit vielen Jahren mit Zukunftstechnologien wie k\u00fcnstlicher Intelligenz und virtueller Realit\u00e4t besch\u00e4ftigt. Sie schreibt u. a. f\u00fcr Die ZEIT, Geo, Spiegel, Brandeins, Technology Review, Spektrum der Wissenschaft.<br \/>\nInterview<br \/>\nAutorin: Vera Lin\u00df (Aufzeichnung am Rande der Preisverleihung, 19.05.2025)<br \/>\nVgl.: <a href=\"https:\/\/www.mediummagazin.de\/journalistinnen-und-journalisten-des-jahres-2024-die-erstplatzierten-aller-kategorien\/\" target=\"_blank\">medium magazin<\/a>: \u201eJournalistinnen und Journalisten des Jahres 2024\u201c: Die Erstplatzierten aller Kategorien<br \/>\n<span style=\"font-size: 11pt; font-family: tahoma,arial,helvetica,sans-serif;\"><br \/>\n<strong>3. META: &#8222;Daten und Rechenpower sind gef\u00e4hrlicher als Atombomben&#8220;<\/strong><br \/>\nWas wir auf Facebook, Instagram , WhatsApp, Threads von META \u00f6ffentlich gepostet haben, will der META-Konzern in der EU ab dem 27.05.2025 zum Trainieren seiner K\u00fcnstlichen Intelligenz verwenden. Wir k\u00f6nnen bis zum 26.05.2025 widersprechen, ohne Gr\u00fcnde daf\u00fcr nennen zu m\u00fcssen. META stellt daf\u00fcr Online-Formulare bereit. Der Digitalexperte Richard Gutjahr warnt in diesem Gespr\u00e4ch mit dem Medienmagazin vor einer Untersch\u00e4tzung der Gefahr, die von META ausgeht.<br \/>\nInterview<br \/>\nAutor: J\u00f6rg Wagner (Aufzeichnung 19.05.2025)<\/p>\n<div class=\"BorlabsCookie\"><div class=\"_brlbs-content-blocker\"> <div class=\"_brlbs-embed _brlbs-video-youtube\"> <img class=\"_brlbs-thumbnail\" src=\"https:\/\/www.wwwagner.tv\/wp-content\/plugins\/borlabs-cookie\/images\/cb-no-thumbnail.png\" alt=\"YouTube\"> <div class=\"_brlbs-caption\"> <p>Mit dem Laden des Videos akzeptieren Sie die Datenschutzerkl\u00e4rung von YouTube.<br><a href=\"https:\/\/policies.google.com\/privacy\" target=\"_blank\" rel=\"nofollow noopener noreferrer\">Mehr erfahren<\/a><\/p> <p><a class=\"_brlbs-btn _brlbs-icon-play-white\" href=\"#\" data-borlabs-cookie-unblock role=\"button\">Video laden<\/a><\/p> <p><label><input type=\"checkbox\" name=\"unblockAll\" value=\"1\" checked> <small>YouTube immer entsperren<\/small><\/label><\/p> <\/div> <\/div> <\/div><div class=\"borlabs-hide\" data-borlabs-cookie-type=\"content-blocker\" data-borlabs-cookie-id=\"youtube\"><script type=\"text\/template\">PHA+PGlmcmFtZSBsb2FkaW5nPSJsYXp5IiB3aWR0aD0iNjAwIiBoZWlnaHQ9IjMzOCIgc3JjPSJodHRwczovL3d3dy55b3V0dWJlLW5vY29va2llLmNvbS9lbWJlZC9ndENpSi1fakZVST9zaT1QcjhHNUNxZkpId3NSQTJpIiB0aXRsZT0iWW91VHViZSB2aWRlbyBwbGF5ZXIiIGZyYW1lYm9yZGVyPSIwIiBhbGxvdz0iYWNjZWxlcm9tZXRlcjsgYXV0b3BsYXk7IGNsaXBib2FyZC13cml0ZTsgZW5jcnlwdGVkLW1lZGlhOyBneXJvc2NvcGU7IHBpY3R1cmUtaW4tcGljdHVyZTsgd2ViLXNoYXJlIiByZWZlcnJlcnBvbGljeT0ic3RyaWN0LW9yaWdpbi13aGVuLWNyb3NzLW9yaWdpbiIgYWxsb3dmdWxsc2NyZWVuPjwvaWZyYW1lPg==<\/script><\/div><\/div><br \/>\n<span style=\"font-size: 11pt; font-family: tahoma,arial,helvetica,sans-serif;\"><br \/>\n<strong>Podcast-Bonus:<\/strong><br \/>\nAusschnitte aus der <a href=\"https:\/\/www.mediummagazin.de\/so-war-die-feier-journalistinnen-und-journalisten-des-jahres-2024\/\" target=\"_blank\">Journalist*innen-des-Jahres-Feier<\/a>, 19.05.2025, Berlin<br \/>\nKategorie Wissenschaft<br \/>\n* Elena Koch, Laudatorin, NDR, Reporterin<br \/>\n* Eva Wolfangel, Preistr\u00e4gerin, freie Wissenschaftsjournalistin<br \/>\nKategorie Kultur<br \/>\n* Andreas Wolfers, Laudator, ehemaliger Leiter der Henri-Nannen-Schule<br \/>\n* Nora Gantenbrink, Preistr\u00e4gerin, Der Spiegel<br \/>\nKategorie Lebenswerk<br \/>\n* Leonhard Ottinger, Laudator, seit 2000 Gesch\u00e4ftsf\u00fchrer der RTL Journalistenschule f\u00fcr TV und Multimedia in K\u00f6ln<br \/>\n* Peter Kloeppel, Preistr\u00e4ger, Chefmoderator von RTL Aktuell 1992 bis 2024<\/p>\n<div style=\"height: 20px;\"><\/div>\n<hr \/>\n<div style=\"height: 5px;\"><\/div>\n<p><html><br \/>\n     <head><\/p>\n<style type=\"text\/css\">\n       body {\n                     background: #DADADA;\n       }\n      <\/style>\n<p>     <\/head><br \/>\n     <body><br \/>\n<\/body><br \/>\n    <\/html><\/span><\/span><\/span><\/span><\/span><\/span><\/span><\/span><\/span><\/p>\n","protected":false},"excerpt":{"rendered":"<p>No audio playback capabilities, please download the audio belowDownload Audio: Closed Format: MP3 Download (verlinkte Audio-Quelle bis zur Depublizierung: rbb, radioeins) * via radioeins.de * via ARD-Audiothek * via spotify * via Apple PodCasts * via ALEXA: &#8222;Alexa, spiele Medienmagazin (von radioeins!)&#8220; * via Google Home: &#8222;Ok, Google, spiele radioeins Medienmagazin!&#8220; * via Amazonmusic WELTB\u00dcHNE [&hellip;]<\/p>\n","protected":false},"author":2,"featured_media":51003,"comment_status":"closed","ping_status":"open","sticky":false,"template":"","format":"standard","meta":{"_monsterinsights_skip_tracking":false,"footnotes":""},"categories":[4],"tags":[692,380,741,346,1423],"class_list":["post-54575","post","type-post","status-publish","format-standard","has-post-thumbnail","hentry","category-medienmagazin","tag-berliner-verlag","tag-berliner-zeitung","tag-journalisten-des-jahres","tag-mediummagazin","tag-weltbuehne"],"_links":{"self":[{"href":"https:\/\/www.wwwagner.tv\/index.php?rest_route=\/wp\/v2\/posts\/54575","targetHints":{"allow":["GET"]}}],"collection":[{"href":"https:\/\/www.wwwagner.tv\/index.php?rest_route=\/wp\/v2\/posts"}],"about":[{"href":"https:\/\/www.wwwagner.tv\/index.php?rest_route=\/wp\/v2\/types\/post"}],"author":[{"embeddable":true,"href":"https:\/\/www.wwwagner.tv\/index.php?rest_route=\/wp\/v2\/users\/2"}],"replies":[{"embeddable":true,"href":"https:\/\/www.wwwagner.tv\/index.php?rest_route=%2Fwp%2Fv2%2Fcomments&post=54575"}],"version-history":[{"count":19,"href":"https:\/\/www.wwwagner.tv\/index.php?rest_route=\/wp\/v2\/posts\/54575\/revisions"}],"predecessor-version":[{"id":54594,"href":"https:\/\/www.wwwagner.tv\/index.php?rest_route=\/wp\/v2\/posts\/54575\/revisions\/54594"}],"wp:featuredmedia":[{"embeddable":true,"href":"https:\/\/www.wwwagner.tv\/index.php?rest_route=\/wp\/v2\/media\/51003"}],"wp:attachment":[{"href":"https:\/\/www.wwwagner.tv\/index.php?rest_route=%2Fwp%2Fv2%2Fmedia&parent=54575"}],"wp:term":[{"taxonomy":"category","embeddable":true,"href":"https:\/\/www.wwwagner.tv\/index.php?rest_route=%2Fwp%2Fv2%2Fcategories&post=54575"},{"taxonomy":"post_tag","embeddable":true,"href":"https:\/\/www.wwwagner.tv\/index.php?rest_route=%2Fwp%2Fv2%2Ftags&post=54575"}],"curies":[{"name":"wp","href":"https:\/\/api.w.org\/{rel}","templated":true}]}}