{"id":54644,"date":"2025-07-26T18:05:25","date_gmt":"2025-07-26T16:05:25","guid":{"rendered":"https:\/\/www.wwwagner.tv\/?p=54644"},"modified":"2025-08-07T00:24:53","modified_gmt":"2025-08-06T22:24:53","slug":"medienmagazin-vom-26-07-2025","status":"publish","type":"post","link":"https:\/\/www.wwwagner.tv\/?p=54644","title":{"rendered":"Medienmagazin vom 26.07.2025"},"content":{"rendered":"<p><span style=\"font-size: 11pt; font-family: tahoma,arial,helvetica,sans-serif;\"><br \/>\n <audio   controls > <source src=\"https:\/\/rbbmediapmdp-a.akamaihd.net\/content\/57\/ed\/57edd4e8-a090-4b26-8c3e-27dd6021c976\/ab7c850d-c152-467b-bbbe-6a99dd4448e3_66143275-e957-4d17-9498-a7676fb5e88c_128k.mp3\" type='audio\/mpeg' \/> <object   type=\"application\/x-shockwave-flash\"  data=\"https:\/\/www.wwwagner.tv\/wp-content\/plugins\/wphtml5player\/inc\/flowplayer.swf\"  width=\"400\"  height=\"30\"> <param name=\"movie\" value='https:\/\/www.wwwagner.tv\/wp-content\/plugins\/wphtml5player\/inc\/flowplayer.swf' \/><param name=\"allowfullscreen\" value='false' \/><param name=\"cachebusting\" value='true' \/><param name=\"bgcolor\" value='#000000' \/><param name=\"flashvars\" value='config={\"plugins\":{\"controls\":{\"height\":30,\"autoHide\":false,\"fullscreen\":false}},\"clip\":{\"autoPlay\":false,\"url\":\"https:\\\/\\\/rbbmediapmdp-a.akamaihd.net\\\/content\\\/57\\\/ed\\\/57edd4e8-a090-4b26-8c3e-27dd6021c976\\\/ab7c850d-c152-467b-bbbe-6a99dd4448e3_66143275-e957-4d17-9498-a7676fb5e88c_128k.mp3\"},\"playlist\":[{\"autoPlay\":false,\"url\":\"https:\\\/\\\/rbbmediapmdp-a.akamaihd.net\\\/content\\\/57\\\/ed\\\/57edd4e8-a090-4b26-8c3e-27dd6021c976\\\/ab7c850d-c152-467b-bbbe-6a99dd4448e3_66143275-e957-4d17-9498-a7676fb5e88c_128k.mp3\"}],\"play\":{\"opacity\":0}}' \/>  No audio playback capabilities, please download the audio below<br \/><strong>Download Audio:<\/strong> Closed Format: <a href=\"https:\/\/rbbmediapmdp-a.akamaihd.net\/content\/57\/ed\/57edd4e8-a090-4b26-8c3e-27dd6021c976\/ab7c850d-c152-467b-bbbe-6a99dd4448e3_66143275-e957-4d17-9498-a7676fb5e88c_128k.mp3\">MP3<\/a> <\/object> <!-- Generated by HTML5 Multimedia Framework (http:\/\/code.google.com\/p\/html5videoplayer) --> <\/audio>  <br \/>\n<a href=\"https:\/\/rbbmediapmdp-a.akamaihd.net\/content\/57\/ed\/57edd4e8-a090-4b26-8c3e-27dd6021c976\/ab7c850d-c152-467b-bbbe-6a99dd4448e3_66143275-e957-4d17-9498-a7676fb5e88c_128k.mp3\" target=\"_blank\" rel=\"noopener noreferrer\">Download<\/a><br \/>\n<span style=\"color: #666666;\"> (verlinkte Audio-Quelle bis zur Depublizierung: rbb, radioeins)<\/span><br \/>\n* via <a href=\"http:\/\/bit.ly\/UiK8m2\" rel=\"noopener noreferrer\" target=\"_blank\">radioeins.de<\/a><br \/>\n* via <a href=\"http:\/\/bit.ly\/2QPyw0c\" rel=\"noopener noreferrer\" target=\"_blank\">ARD-Audiothek<\/a><br \/>\n* via <a href=\"https:\/\/open.spotify.com\/show\/7xVQUA4ge6g5IUsCYk5qtE?si=d4af4d1f18f94ddc\" rel=\"noopener\" target=\"_blank\">spotify<\/a><br \/>\n* via <a href=\"https:\/\/podcasts.apple.com\/de\/podcast\/medienmagazin\/id160843212\" rel=\"noopener\" target=\"_blank\">Apple PodCasts<\/a><br \/>\n* via ALEXA: &#8222;Alexa, spiele Medienmagazin (von radioeins!)&#8220;<br \/>\n* via Google Home: &#8222;Ok, Google, spiele radioeins Medienmagazin!&#8220;<br \/>\n* via <a href=\"https:\/\/music.amazon.de\/podcasts\/7afb1048-853d-4021-a704-7ba7e902e6ac\/medienmagazin\" rel=\"noopener\" target=\"_blank\">Amazonmusic<\/a><\/p>\n<div style=\"height: 10px;\"><\/div>\n<p><span style=\"font-size: 11pt; font-family: tahoma,arial,helvetica,sans-serif;\"><br \/>\nSOMMERINTERVIEW | RUSSLAND | PODCAST-TIPPS<br \/>\n<span style=\"font-size: 11pt; font-family: tahoma,arial,helvetica,sans-serif;\"><br \/>\n(00:00) INTRO: Sommerinterview-Res\u00fcmee &#8211; Markus Preis | (01:37) AUFREGER: Sommerinterview mit st\u00f6render \u201cVersch\u00f6nung\u201d &#8211; Friedrich K\u00fcppersbusch | (19:14) RUSSLAND: \u201ePutins Z-Priester\u201c &#8211; religi\u00f6se Kriegspropaganda im \u201cheiligen Krieg\u201d &#8211; Roman Schell | (32:44) PODCAST: Die Monats-Tipps Juli &#8211; Esther Simon | (41:24) BONUS: Neue Runde &#8211; Wie das Fernsehen auch im Wahljahr versucht, mit Politiker-Interviews das Sommerloch zu stopfen &#8211; Michael Meyer &#8211; Karl Nikolaus Renner &#8211; 25.07.2009 | (49:14) Zwischen Sommerinterview und Videoblog &#8211; Ulrich Deppendorf &#8211; 06.07.2013 | BONUS: (1:01:11) Medienmagazin-Sommerinterview: Dieter Pienkny &#8211; 03.08.2019 | BONUS: (1:27:03) Verhageltes Sommerinterview &#8211; Der rbb in der Kritik &#8211; Christoph Singelnstein &#8211; Daniel Bouhs &#8211; 11.07.2020 || J\u00f6rg Wagner<br \/>\n<span style=\"font-size: 11pt; font-family: tahoma,arial,helvetica,sans-serif;\"><br \/>\n<strong>INTRO: INTRO: Sommerinterview<\/strong><br \/>\n&#8222;Es ist eigentlich sehr sch\u00f6n, dass wir mitten in der Berliner Innenstadt im Regierungsviertel an einem \u00f6ffentlichen Ort, wo Spitzenpolitiker zum Sommerinterview befragen k\u00f6nnen. Das ist durch diese St\u00f6raktion jetzt nat\u00fcrlich gestern mit einem gro\u00dfen Fragezeichen versehen worden. Wir w\u00fcrden das gerne weitermachen, aber wir m\u00fcssen uns jetzt nat\u00fcrlich wirklich \u00fcberlegen, welche Konsequenzen k\u00f6nnen wir ziehen, um an dieser Stelle weiter diese Interviews f\u00fchren zu k\u00f6nnen.&#8220;<br \/>\nMarkus Prei\u00df, ARD-Sommerinterview-Gastgeber<br \/>\nQuelle: 3F3A, 21.07.2025<br \/>\n<span style=\"font-size: 11pt; font-family: tahoma,arial,helvetica,sans-serif;\"><br \/>\n<strong>1. AUFREGER: Sommerinterview mit st\u00f6render \u201cVersch\u00f6nung\u201d<\/strong><br \/>\nDas ARD-Sommerinterview mit Alice Weidel (AfD) verlie\u00df durch mehrere Faktoren die journalistische Normalit\u00e4t, so dass die jahrelange Frage, sind Sommerinterviews noch zeitgem\u00e4\u00df (bereits im Medienmagazin 2009 gestellt), wieder in den Vordergrund r\u00fcckte. Zudem: Sollte man extremen Parteien eine \u201cTheaterdonner\u201d-B\u00fchne und Gelegenheit zu kostenlosem Snippet-Material geben? Sind kreative Zuschauerproteste auf der B\u00fchne der Realsatire legitim? Au\u00dferdem: Urteil im Sebastian-Hotz-Prozess. Satire als Zentrum der \u00dcbertreibung ist weiterhin gest\u00e4rkt worden.<br \/>\nSchaltgespr\u00e4ch mit Friedrich K\u00fcppersbusch, der bereits 1994 Erfahrungen mit dem Rechtspopulisten J\u00f6rg Haider (FP\u00d6) im TV-Interview machte (Aufzeichnung, 25.07.2025, 10:00 Uhr)<br \/>\nund O-T\u00f6nen<br \/>\n* Philipp Ruch, Gr\u00fcnder und kreativer Kopf vom Zentrum f\u00fcr politische Sch\u00f6nheit (Quelle: Podcast \u201eRonzheimer\u201c, 22.07.2025)<br \/>\n* aus dem Sommerinterview mit Alice Weidel (Quelle: ARD, 20.07.2025)<br \/>\n* AfD-Chefin Alice Weidel stellt sich User-Fragen (Quelle: ARD, 20.07.2025)<br \/>\n* J\u00f6rg Haider, Friedrich K\u00fcppersbusch (Quelle: WDR\/ORB 14.11.1994)<br \/>\n* Markus Prei\u00df, ARD-Sommerinterview-Gastgeber (Quelle: 3F3A, 21.07.2025)<br \/>\n<span style=\"font-size: 11pt; font-family: tahoma,arial,helvetica,sans-serif;\"><br \/>\n<strong>2. RUSSLAND: \u201ePutin\u2019s Z-Priester\u201c &#8211; religi\u00f6se Kriegspropaganda im \u201cheiligen Krieg\u201d<\/strong><br \/>\nDie Russisch-Orthodoxe Kirche ist zu einer der wichtigsten ideologischen St\u00fctzen des Kremls im Krieg gegen die Ukraine geworden. Patriarch Kyrill spricht vom \u201eheiligen Krieg\u201c, segnet Soldaten an der Front und ruft zu t\u00e4glichen Gebeten f\u00fcr das \u201eHeilige Russland\u201c auf. \u00dcber 2.000 Priester sollen laut russischen Medien in den Kampfgebieten im Einsatz sein. Der Schulterschluss von Kirche und Staat wird zur moralischen Legitimation des Krieges. Doch es gibt auch andere Stimmen: Orthodoxe Geistliche, die sich offen gegen diese Kriegspropaganda stellen, werden verfolgt, ihrer \u00c4mter enthoben oder m\u00fcssen das Land verlassen. In Armenien, Georgien oder auch Deutschland versuchen sie, ihren Glauben im Exil weiterzuleben \u2013 ohne Gemeinde, ohne Schutz, oft am Rand der Existenz.<br \/>\nSchaltgespr\u00e4ch mit O-T\u00f6nen:<br \/>\n* Propagandafilm des russischen Verteidigungsministerium (Ausschnitt)<br \/>\n* Priester, Russisches Staatsfernsehen<br \/>\n\u2022 Andrej Misyuk, der heute in Jerewan als Exilpriester lebt und als Taxifahrer arbeitet<br \/>\n\u2022 Oleg Batov, der in Tiflis Pakete ausliefert und Stadtf\u00fchrungen anbietet, weil ihn keine orthodoxe Gemeinde aufnehmen will.<br \/>\nAutor: Roman Schell, Freier Krisensreporter u. a. f\u00fcr die ARD<br \/>\n(Aufzeichnung, 25.07.2025, 16:00 Uhr)<br \/>\n<span style=\"font-size: 11pt; font-family: tahoma,arial,helvetica,sans-serif;\"><br \/>\n<strong>3. PODCAST: Die Monats-Tipps Juli<\/strong><br \/>\nEinmal im Monat, am letzten Samstag, gibt es im Medienmagazin Podcast-Tipps nach dem Motto: \u201cWer das Medienmagazin h\u00f6rt, k\u00f6nnte sich auch f\u00fcr diese Podcast-Episoden interessieren.\u201d Themen diesmal: Online Betrug, die Scam-Indsutrie und die Recherchearbeit, die hinter der Produktion von investigativen Podcast-Formaten und Fernsehdokus steckt.<br \/>\n   \u2022 Empfehlung 1<br \/>\nPodcast: House of Scam, Folge: (1\/6) <a href=\"https:\/\/www.rbb-online.de\/legion\/episoden\/2025\/legion-house-of-scam-s03e01.html\" target=\"_blank\">Gordon der Bauunternehmer<\/a>, Produktion: rbb, und die NDR und Undone<br \/>\n   \u2022 Empfehlung 2<br \/>\nPodcast: Alles muss Raus, Folge: #358 <a href=\"https:\/\/www.podcast.de\/episode\/690597855\/love-scams-was-ist-der-preis-der-liebe-m-khesrau-behroz\" target=\"_blank\">Love Scams: Was ist der Preis der Liebe?<\/a>, Host: Thilo Mischke, Gast: Khesrau Behroz<br \/>\n   \u2022 Empfehlung 3<br \/>\nPodcast: Nah dran &#8211; Die Geschichte hinter der Nachricht, Folge: <a href=\"https:\/\/www1.wdr.de\/mediathek\/audio\/wdr\/nah-dran\/nah-dran-104.html\" target=\"_blank\">Onlinebetrug und moderne Sklaverei<\/a> &#8211; Die Methoden der Cybermafia (13.06.2025), Produktion: WDR, Host: Andreas Bursche, Gast: Svea Eckert<br \/>\nSchaltgespr\u00e4ch mit O-T\u00f6nen aus den Podcasts<br \/>\nAutorin: Esther Simon (Aufzeichnung, 25.07.2025, 14:00 Uhr)<br \/>\n<span style=\"font-size: 11pt; font-family: tahoma,arial,helvetica,sans-serif;\"><br \/>\n<strong>PODCAST-BONUS:<\/strong><br \/>\nThema Sommerinterviews aus Medienmagazin-Sendungen der letzten 16 Jahre<br \/>\n\u00b0 Neue Runde &#8211; Wie das Fernsehen auch im Wahljahr versucht, mit Politiker-Interviews das Sommerloch zu stopfen<br \/>\nTelefoninterview mit Karl Nikolaus Renner, Professor f\u00fcr Fernsehjournalismus an der Universit\u00e4t Mainz, \u00fcber Sinn und Unsinn der allj\u00e4hrlich wiederkehrenden Sommerinterviews<br \/>\nQuelle: Medienmagazin vom 25.07.2009<br \/>\n<span style=\"font-size: 11pt; font-family: tahoma,arial,helvetica,sans-serif;\"><br \/>\n\u00b0 Zwischen Sommerinterview und Videoblog<br \/>\nPolitikvermittlung im Fernsehen ist seine Berufung. Ulrich Deppendorf war schon als Chef von ARDaktuell in den 90ern neuen technischen Verbreitungsformen aufgeschlossen. Er setzte bereits 1996 die tagesschau als Bewegtbildangebot im Internet durch. Seit f\u00fcnf Jahren ver\u00f6ffentlicht er das Videoblog &#8222;Deppendorfs Woche&#8220;. Doch das Kerngesch\u00e4ft f\u00fcr ihn ist nachwievor konventionelles Fernsehen. Gerade gestartet ist die seit den 80er Jahren etablierte Sommerinterview-Reihe.<br \/>\nIm Medienmagazin: das Sommerinterview mit Ulrich Deppendorf, Leiter des ARD-Hauptstadtstudios und Moderator von Bericht aus Berlin, rec.: 27.06.2013<br \/>\nQuelle: Medienmagazin vom 06.07.2013<br \/>\n<span style=\"font-size: 11pt; font-family: tahoma,arial,helvetica,sans-serif;\"><br \/>\n\u00b0 INTRO: Sommerinterview<br \/>\nO-Ton: Sommerinterview von Oliver K\u00f6hr, stellv. Chefredakteur Fernsehen und stellv. Leiter ARD-Hauptstadtstudio (mdr) mit Annalena Baerbock, Parteivorsitzende B\u00fcndnis\u00b490\/Die Gr\u00fcnen<br \/>\n1. Medienmagazin-Sommerinterview: Dieter Pienkny, rbb-Programmausschussvorsitzender<br \/>\nSommerinterviews sind ein langj\u00e4hriges journalistisches Mittel, um fernab des aktuellen Politikbetriebs gro\u00dffl\u00e4chig und ohne Hast verschiedene Themen besprechen zu k\u00f6nnen. Im aktuellen Medienmagazin erl\u00e4utert das Gremienmitglied des rbb-Rundfunkrates frei nach dieser journalistischen Idee grunds\u00e4tzliche Fragen zur Kontrolle\/Beobachtung der \u00f6ffentlich-rechtlichen Medien, im speziellen zur ARD und des rbb.<br \/>\nQuelle: Medienmagazin vom 03.08.2019<br \/>\n<span style=\"font-size: 11pt; font-family: tahoma,arial,helvetica,sans-serif;\"><br \/>\nINTRO: tt-Kommentar Rechtsextremismus<br \/>\nO-Ton: Georg Restle, WDR-Journalist, tagesthemen, Das Erste, 11.07.2019<br \/>\n1. Verhageltes Sommerinterview &#8211; Der rbb in der Kritik<br \/>\nWie kam es zum Sommerinterview mit dem rechtsextremen Politiker Andreas Kalbitz f\u00fcr Brandenburg Aktuell am 5. Juli 2020? Muss man vom Verfassungsschutz als rechtsextrem eingestuften Menschen in einem Urlaubssetting Redezeit im rbb geben? Ist die Aufgabe des \u00f6ffentlich-rechtlichen Rundfunks, politische Vielfalt abzubilden grenzenlos? Ist die Zeit der gem\u00fctlichen Sommerinterviews nicht generell vorbei?<br \/>\nLeitungsgespr\u00e4ch mit Christoph Singelnstein, rbb-Chefredakteur (muPRO, live)<br \/>\nO-T\u00f6ne:<br \/>\n* Ausschnitt Anmoderation &#8222;Politik am See&#8220;, rbb, Brandenburg Aktuell, 05.07.2020<br \/>\n* Ausschnitt \u201cWissen &#8211; Denken &#8211; Meinen\u201d, Stefan Niggemeier, Medienjournalist uebermedien.de, Quelle: radioeins, 08.07.2020, 16:40 Uhr<br \/>\n* Ausschnitt Dieter Pienkny, rbb-Programmausschussvorsitzender \u00fcber Sommerinterviews<br \/>\nQuelle: Medienmagazin, radioeins, 03.08.2019, 18:05 Uhr<br \/>\nJ\u00f6rg Wagner, Daniel Bouhs<br \/>\nQuelle: Medienmagazin vom 11.07.2020<br \/>\n<span style=\"font-size: 11pt; font-family: tahoma,arial,helvetica,sans-serif;\"><\/p>\n<div style=\"height: 20px;\"><\/div>\n<hr \/>\n<div style=\"height: 5px;\"><\/div>\n<p><html><br \/>\n     <head><\/p>\n<style type=\"text\/css\">\n       body {\n                     background: #DADADA;\n       }\n      <\/style>\n<p>     <\/head><br \/>\n     <body><br \/>\n<\/body><br \/>\n    <\/html><\/span><\/span><\/span><\/span><\/span><\/span><\/span><\/span><\/span><\/span><\/span><\/span><\/p>\n","protected":false},"excerpt":{"rendered":"<p>No audio playback capabilities, please download the audio belowDownload Audio: Closed Format: MP3 Download (verlinkte Audio-Quelle bis zur Depublizierung: rbb, radioeins) * via radioeins.de * via ARD-Audiothek * via spotify * via Apple PodCasts * via ALEXA: &#8222;Alexa, spiele Medienmagazin (von radioeins!)&#8220; * via Google Home: &#8222;Ok, Google, spiele radioeins Medienmagazin!&#8220; * via Amazonmusic SOMMERINTERVIEW [&hellip;]<\/p>\n","protected":false},"author":2,"featured_media":51003,"comment_status":"closed","ping_status":"open","sticky":false,"template":"","format":"standard","meta":{"_monsterinsights_skip_tracking":false,"footnotes":""},"categories":[4],"tags":[865,343,1050],"class_list":["post-54644","post","type-post","status-publish","format-standard","has-post-thumbnail","hentry","category-medienmagazin","tag-podcast","tag-russland","tag-sommerinterviews"],"_links":{"self":[{"href":"https:\/\/www.wwwagner.tv\/index.php?rest_route=\/wp\/v2\/posts\/54644","targetHints":{"allow":["GET"]}}],"collection":[{"href":"https:\/\/www.wwwagner.tv\/index.php?rest_route=\/wp\/v2\/posts"}],"about":[{"href":"https:\/\/www.wwwagner.tv\/index.php?rest_route=\/wp\/v2\/types\/post"}],"author":[{"embeddable":true,"href":"https:\/\/www.wwwagner.tv\/index.php?rest_route=\/wp\/v2\/users\/2"}],"replies":[{"embeddable":true,"href":"https:\/\/www.wwwagner.tv\/index.php?rest_route=%2Fwp%2Fv2%2Fcomments&post=54644"}],"version-history":[{"count":8,"href":"https:\/\/www.wwwagner.tv\/index.php?rest_route=\/wp\/v2\/posts\/54644\/revisions"}],"predecessor-version":[{"id":54652,"href":"https:\/\/www.wwwagner.tv\/index.php?rest_route=\/wp\/v2\/posts\/54644\/revisions\/54652"}],"wp:featuredmedia":[{"embeddable":true,"href":"https:\/\/www.wwwagner.tv\/index.php?rest_route=\/wp\/v2\/media\/51003"}],"wp:attachment":[{"href":"https:\/\/www.wwwagner.tv\/index.php?rest_route=%2Fwp%2Fv2%2Fmedia&parent=54644"}],"wp:term":[{"taxonomy":"category","embeddable":true,"href":"https:\/\/www.wwwagner.tv\/index.php?rest_route=%2Fwp%2Fv2%2Fcategories&post=54644"},{"taxonomy":"post_tag","embeddable":true,"href":"https:\/\/www.wwwagner.tv\/index.php?rest_route=%2Fwp%2Fv2%2Ftags&post=54644"}],"curies":[{"name":"wp","href":"https:\/\/api.w.org\/{rel}","templated":true}]}}