{"id":54653,"date":"2025-07-19T18:05:22","date_gmt":"2025-07-19T16:05:22","guid":{"rendered":"https:\/\/www.wwwagner.tv\/?p=54653"},"modified":"2025-08-07T01:06:53","modified_gmt":"2025-08-06T23:06:53","slug":"medienmagazin-vom-19-07-2025","status":"publish","type":"post","link":"https:\/\/www.wwwagner.tv\/?p=54653","title":{"rendered":"Medienmagazin vom 19.07.2025"},"content":{"rendered":"<p><span style=\"font-size: 11pt; font-family: tahoma,arial,helvetica,sans-serif;\"><br \/>\n <audio   controls > <source src=\"https:\/\/rbbmediapmdp-a.akamaihd.net\/content\/f3\/98\/f398eb00-459d-4406-b312-73fa8f9e3106\/8e923bd9-8b3c-4e2c-8926-bf5fe3667527_dc73b4ef-dc5a-4931-9588-a6427434fa45_128k.mp3\" type='audio\/mpeg' \/> <object   type=\"application\/x-shockwave-flash\"  data=\"https:\/\/www.wwwagner.tv\/wp-content\/plugins\/wphtml5player\/inc\/flowplayer.swf\"  width=\"400\"  height=\"30\"> <param name=\"movie\" value='https:\/\/www.wwwagner.tv\/wp-content\/plugins\/wphtml5player\/inc\/flowplayer.swf' \/><param name=\"allowfullscreen\" value='false' \/><param name=\"cachebusting\" value='true' \/><param name=\"bgcolor\" value='#000000' \/><param name=\"flashvars\" value='config={\"plugins\":{\"controls\":{\"height\":30,\"autoHide\":false,\"fullscreen\":false}},\"clip\":{\"autoPlay\":false,\"url\":\"https:\\\/\\\/rbbmediapmdp-a.akamaihd.net\\\/content\\\/f3\\\/98\\\/f398eb00-459d-4406-b312-73fa8f9e3106\\\/8e923bd9-8b3c-4e2c-8926-bf5fe3667527_dc73b4ef-dc5a-4931-9588-a6427434fa45_128k.mp3\"},\"playlist\":[{\"autoPlay\":false,\"url\":\"https:\\\/\\\/rbbmediapmdp-a.akamaihd.net\\\/content\\\/f3\\\/98\\\/f398eb00-459d-4406-b312-73fa8f9e3106\\\/8e923bd9-8b3c-4e2c-8926-bf5fe3667527_dc73b4ef-dc5a-4931-9588-a6427434fa45_128k.mp3\"}],\"play\":{\"opacity\":0}}' \/>  No audio playback capabilities, please download the audio below<br \/><strong>Download Audio:<\/strong> Closed Format: <a href=\"https:\/\/rbbmediapmdp-a.akamaihd.net\/content\/f3\/98\/f398eb00-459d-4406-b312-73fa8f9e3106\/8e923bd9-8b3c-4e2c-8926-bf5fe3667527_dc73b4ef-dc5a-4931-9588-a6427434fa45_128k.mp3\">MP3<\/a> <\/object> <!-- Generated by HTML5 Multimedia Framework (http:\/\/code.google.com\/p\/html5videoplayer) --> <\/audio>  <br \/>\n<a href=\"https:\/\/rbbmediapmdp-a.akamaihd.net\/content\/f3\/98\/f398eb00-459d-4406-b312-73fa8f9e3106\/8e923bd9-8b3c-4e2c-8926-bf5fe3667527_dc73b4ef-dc5a-4931-9588-a6427434fa45_128k.mp3\" target=\"_blank\" rel=\"noopener noreferrer\">Download<\/a><br \/>\n<span style=\"color: #666666;\"> (verlinkte Audio-Quelle bis zur Depublizierung: rbb, radioeins)<\/span><br \/>\n* via <a href=\"http:\/\/bit.ly\/UiK8m2\" rel=\"noopener noreferrer\" target=\"_blank\">radioeins.de<\/a><br \/>\n* via <a href=\"http:\/\/bit.ly\/2QPyw0c\" rel=\"noopener noreferrer\" target=\"_blank\">ARD-Audiothek<\/a><br \/>\n* via <a href=\"https:\/\/open.spotify.com\/show\/7xVQUA4ge6g5IUsCYk5qtE?si=d4af4d1f18f94ddc\" rel=\"noopener\" target=\"_blank\">spotify<\/a><br \/>\n* via <a href=\"https:\/\/podcasts.apple.com\/de\/podcast\/medienmagazin\/id160843212\" rel=\"noopener\" target=\"_blank\">Apple PodCasts<\/a><br \/>\n* via ALEXA: &#8222;Alexa, spiele Medienmagazin (von radioeins!)&#8220;<br \/>\n* via Google Home: &#8222;Ok, Google, spiele radioeins Medienmagazin!&#8220;<br \/>\n* via <a href=\"https:\/\/music.amazon.de\/podcasts\/7afb1048-853d-4021-a704-7ba7e902e6ac\/medienmagazin\" rel=\"noopener\" target=\"_blank\">Amazonmusic<\/a><\/p>\n<div style=\"height: 10px;\"><\/div>\n<p><span style=\"font-size: 11pt; font-family: tahoma,arial,helvetica,sans-serif;\"><br \/>\nSCHLESINGER-PROZESS | BUCH-TIPP | STREAMING<br \/>\n<span style=\"font-size: 11pt; font-family: tahoma,arial,helvetica,sans-serif;\"><br \/>\n(00:00) INTRO: Urteil im Schlesinger-Prozess &#8211; Paula Riester | (01:35) URTEIL: Schlesinger-Prozess vor dem Landgericht nimmt die erste Etappe (1) &#8211; Dr. Wolfgang Kr\u00fcger | (11:43) URTEIL: Schlesinger-Prozess vor dem Landgericht nimmt die erste Etappe (2) &#8211; Thomas Wahlig | (26:27) BUCH: Rob Wijnberg: \u201cRuinen der Wahrheit. Eine kurze Geschichte unserer Zeit\u201d &#8211; Vera Lin\u00df | (32:59) STREAMING: Dark, Babylon Berlin und Bettys Diagnose &#8211; wie erfolgreich sind deutsche Serien im Ausland? + Streaming-Tipps &#8211; Michael Meyer | (42:34) BONUS: Pressegespr\u00e4ch nach der Verk\u00fcndung des Urteils AZ 105 O 6\/23 &#8211; Paula Riester || J\u00f6rg Wagner<br \/>\n<span style=\"font-size: 11pt; font-family: tahoma,arial,helvetica,sans-serif;\"><br \/>\n<strong>INTRO: Urteil im Schlesinger-Prozess<\/strong><br \/>\nO-Ton: Richterin Paula Riester, Sprecherin der Berliner Zivilgerichte (Aufzeichnung, vor Ort, 16.07.2025)<br \/>\n<div class=\"BorlabsCookie\"><div class=\"_brlbs-content-blocker\"> <div class=\"_brlbs-embed _brlbs-video-youtube\"> <img class=\"_brlbs-thumbnail\" src=\"https:\/\/www.wwwagner.tv\/wp-content\/plugins\/borlabs-cookie\/images\/cb-no-thumbnail.png\" alt=\"YouTube\"> <div class=\"_brlbs-caption\"> <p>Mit dem Laden des Videos akzeptieren Sie die Datenschutzerkl\u00e4rung von YouTube.<br><a href=\"https:\/\/policies.google.com\/privacy\" target=\"_blank\" rel=\"nofollow noopener noreferrer\">Mehr erfahren<\/a><\/p> <p><a class=\"_brlbs-btn _brlbs-icon-play-white\" href=\"#\" data-borlabs-cookie-unblock role=\"button\">Video laden<\/a><\/p> <p><label><input type=\"checkbox\" name=\"unblockAll\" value=\"1\" checked> <small>YouTube immer entsperren<\/small><\/label><\/p> <\/div> <\/div> <\/div><div class=\"borlabs-hide\" data-borlabs-cookie-type=\"content-blocker\" data-borlabs-cookie-id=\"youtube\"><script type=\"text\/template\">PGlmcmFtZSBsb2FkaW5nPSJsYXp5IiB3aWR0aD0iNjAwIiBoZWlnaHQ9IjMzOCIgc3JjPSJodHRwczovL3d3dy55b3V0dWJlLW5vY29va2llLmNvbS9lbWJlZC9sV1V1WkE4V21rdz9zaT1RWmlua1ZmdUFsVWRBN1hCIiB0aXRsZT0iWW91VHViZSB2aWRlbyBwbGF5ZXIiIGZyYW1lYm9yZGVyPSIwIiBhbGxvdz0iYWNjZWxlcm9tZXRlcjsgYXV0b3BsYXk7IGNsaXBib2FyZC13cml0ZTsgZW5jcnlwdGVkLW1lZGlhOyBneXJvc2NvcGU7IHBpY3R1cmUtaW4tcGljdHVyZTsgd2ViLXNoYXJlIiByZWZlcnJlcnBvbGljeT0ic3RyaWN0LW9yaWdpbi13aGVuLWNyb3NzLW9yaWdpbiIgYWxsb3dmdWxsc2NyZWVuPjwvaWZyYW1lPg==<\/script><\/div><\/div><br \/>\n<span style=\"font-size: 11pt; font-family: tahoma,arial,helvetica,sans-serif;\"><br \/>\n<strong>Wer<\/strong>: Richterin Paula Riester, Sprecherin der Berliner Zivilgerichte<br \/>\n<strong>Was<\/strong>: Pressegespr\u00e4ch nach der Verk\u00fcndung des Urteils Schlesinger, Patricia &#8211; Rundfunk Berlin Brandenburg | AZ 105 O 6\/23<br \/>\n<strong>Wann<\/strong>: 16.07.2025, 12:16 Uhr<br \/>\n<strong>Wo<\/strong>: Landgericht Berlin II, Saal 1810<br \/>\n<span style=\"font-size: 11pt; font-family: tahoma,arial,helvetica,sans-serif;\"><br \/>\n<strong>1. URTEIL: Schlesinger-Prozess vor dem Landgericht nimmt die erste Etappe (1)<\/strong><br \/>\nPatricia Schlesinger, rbb-Intendantin von 2016-2022, muss dem Sender Schadensersatz zahlen. Gleichzeitig muss der rbb Schlesinger ein Ruhegeld f\u00fcr den Monat Januar 2023 zahlen. Ein Grundurteil erkennt Verfehlungen bei Boni-Zahlungen und ARD-Zulage an. Beim Sachverhalt zum Digitalen Medienhaus, wurde die Klage abgetrennt und wird in einem Extra-Verfahren behandelt werden.<br \/>\nO-Ton:<br \/>\n* R\u00fccktritt Schlesinger, rbb24 Inforadio, 07.08.2022, 20:20 Uhr, Bastian Sorge<br \/>\nInterview mit Dr. Wolfgang Kr\u00fcger, rbb-Verwaltungsratsvorsitzender (Aufzeichnung, vor Ort, 16.07.2025)<\/p>\n<div class=\"BorlabsCookie\"><div class=\"_brlbs-content-blocker\"> <div class=\"_brlbs-embed _brlbs-video-youtube\"> <img class=\"_brlbs-thumbnail\" src=\"https:\/\/www.wwwagner.tv\/wp-content\/plugins\/borlabs-cookie\/images\/cb-no-thumbnail.png\" alt=\"YouTube\"> <div class=\"_brlbs-caption\"> <p>Mit dem Laden des Videos akzeptieren Sie die Datenschutzerkl\u00e4rung von YouTube.<br><a href=\"https:\/\/policies.google.com\/privacy\" target=\"_blank\" rel=\"nofollow noopener noreferrer\">Mehr erfahren<\/a><\/p> <p><a class=\"_brlbs-btn _brlbs-icon-play-white\" href=\"#\" data-borlabs-cookie-unblock role=\"button\">Video laden<\/a><\/p> <p><label><input type=\"checkbox\" name=\"unblockAll\" value=\"1\" checked> <small>YouTube immer entsperren<\/small><\/label><\/p> <\/div> <\/div> <\/div><div class=\"borlabs-hide\" data-borlabs-cookie-type=\"content-blocker\" data-borlabs-cookie-id=\"youtube\"><script type=\"text\/template\">PHA+PGlmcmFtZSBsb2FkaW5nPSJsYXp5IiB3aWR0aD0iNjAwIiBoZWlnaHQ9IjMzOCIgc3JjPSJodHRwczovL3d3dy55b3V0dWJlLW5vY29va2llLmNvbS9lbWJlZC8tRzVpSWRhVXZLTT9zaT1oSmFHb0IxVWRFVGdDMnBNIiB0aXRsZT0iWW91VHViZSB2aWRlbyBwbGF5ZXIiIGZyYW1lYm9yZGVyPSIwIiBhbGxvdz0iYWNjZWxlcm9tZXRlcjsgYXV0b3BsYXk7IGNsaXBib2FyZC13cml0ZTsgZW5jcnlwdGVkLW1lZGlhOyBneXJvc2NvcGU7IHBpY3R1cmUtaW4tcGljdHVyZTsgd2ViLXNoYXJlIiByZWZlcnJlcnBvbGljeT0ic3RyaWN0LW9yaWdpbi13aGVuLWNyb3NzLW9yaWdpbiIgYWxsb3dmdWxsc2NyZWVuPjwvaWZyYW1lPg==<\/script><\/div><\/div><br \/>\n<span style=\"font-size: 11pt; font-family: tahoma,arial,helvetica,sans-serif;\"><br \/>\n<strong>Wer<\/strong>: Dr. Wolfgang Kr\u00fcger, rbb-Verwaltungsratsvorsitzender<br \/>\n<strong>Was<\/strong>: Interview nach dem Schlesinger-Prozess<br \/>\n<strong>Wann<\/strong>: 16.07.2025, 12.38 Uhr<br \/>\n<strong>Wo<\/strong>: Landgericht Berlin II<br \/>\n<span style=\"font-size: 11pt; font-family: tahoma,arial,helvetica,sans-serif;\"><br \/>\n<strong>Siehe auch<\/strong>:<br \/>\n* Landgericht Berlin II gibt Klage der ehemaligen Intendantin des Rundfunks Berlin-Brandenburg (rbb) auf Ruhegeld statt \u2013 Widerklage des rbb teilweise erfolgreich<br \/>\n <a href=\"https:\/\/www.berlin.de\/gerichte\/presse\/pressemitteilungen-der-ordentlichen-gerichtsbarkeit\/2025\/pressemitteilung.1581016.php\">(PM 28\/2025)<\/a><br \/>\n* RBB muss Patricia Sch\u00adle\u00adsinger Ruhe\u00adgeld zahlen, <a href=\"https:\/\/www.lto.de\/recht\/nachrichten\/n\/lg-berlin-105o623-urteil-schlesinger-rbb-ruhegeld-sittenwidrig\" target=\"_blank\">LTO.de<\/a> <\/p>\n<p><span style=\"font-size: 11pt; font-family: tahoma,arial,helvetica,sans-serif;\"><br \/>\n<strong>2. URTEIL: Schlesinger-Prozess vor dem Landgericht nimmt die erste Etappe (2)<\/strong><br \/>\n* Schaltgespr\u00e4ch mit Thomas Wahlig, Schlesinger-Anwalt (Aufzeichnung, Freitag, 16:00 Uhr)<br \/>\n<span style=\"font-size: 11pt; font-family: tahoma,arial,helvetica,sans-serif;\"><br \/>\nZum Beginn der Sommerferien im Sendegebiet am 24.07.2025 gibt es traditionell wieder Medienempfehlungen:<br \/>\n<span style=\"font-size: 11pt; font-family: tahoma,arial,helvetica,sans-serif;\"><br \/>\n<strong>3. BUCH: Wahrheit neu denken <\/strong><br \/>\nWestliche Gesellschaften haben ihren Fortschrittsglauben verloren, sagt der niederl\u00e4ndische Journalist Rob Wijnberg. Bef\u00f6rdert wird dies auch durch (digitale) Medien. Statt nur an sich selbst zu denken, sollten die Menschen wieder das Gemeinsame entdecken. Das ist m\u00f6glich, denn Wahrheit ist nichts Statisches. Wie sich die Funktion von Wahrheit in den letzten beiden Jahrtausenden ver\u00e4ndert hat, zeigt Wijnberg in seinem fulminanten R\u00fcckblick.<br \/>\nLeitungsgespr\u00e4ch (Funkhaus am Hans-Rosenthal-Platz, Studio S 1b)<br \/>\nAutorin: Vera Lin\u00df (live)<br \/>\nVgl.:<br \/>\nRob Wijnberg: \u201cRuinen der Wahrheit. Eine kurze Geschichte unserer Zeit\u201d<br \/>\nAus dem Niederl\u00e4ndischen von B\u00e4rbel J\u00e4nicke<br \/>\nC.H. Beck, M\u00fcnchen 2025<br \/>\n206 Seiten, 24 Euro<br \/>\n<span style=\"font-size: 11pt; font-family: tahoma,arial,helvetica,sans-serif;\"><br \/>\n<strong>4. STREAMING: Dark, Babylon Berlin und Bettys Diagnose &#8211; wie erfolgreich sind deutsche Serien im Ausland?<\/strong><br \/>\n+ Streaming-Tipps &#8222;Das zweite Attentat&#8220; (ARD-Mediathek), &#8222;Querer &#8211; Hinter verschlossen T\u00fcren&#8220; (ARD-Mediathek), &#8222;Das Reservat&#8220; (Netflix)<br \/>\nLeitungsgespr\u00e4ch mit O-T\u00f6nen (HdR, HAV-SK)<br \/>\n* Sebastian Krekeler, Redakteur bei &#8222;ZDF Studios&#8220;<br \/>\n* Helge K\u00f6hnen, Vertriebsleiter bei den &#8222;Bavaria Studios&#8220; in M\u00fcnchen<br \/>\n* Anna Laumen, Pressesprecherin bei Netflix.<br \/>\nAutor: Michael Meyer (live)<br \/>\n<span style=\"font-size: 11pt; font-family: tahoma,arial,helvetica,sans-serif;\"><br \/>\n<strong>PODCAST-BONUS:<\/strong><br \/>\n\u00b0 Pressegespr\u00e4ch nach der Verk\u00fcndung des Urteils AZ 105 O 6\/23 im Berliner Landgericht II<br \/>\n* Richterin Paula Riester, Sprecherin der Berliner Zivilgerichte<br \/>\n(Aufzeichnung, vor Ort, 16.07.2025, 12:16 Uhr)<br \/>\n<span style=\"font-size: 11pt; font-family: tahoma,arial,helvetica,sans-serif;\"><\/p>\n<div style=\"height: 20px;\"><\/div>\n<hr \/>\n<div style=\"height: 5px;\"><\/div>\n<p><html><br \/>\n     <head><\/p>\n<style type=\"text\/css\">\n       body {\n                     background: #DADADA;\n       }\n      <\/style>\n<p>     <\/head><br \/>\n     <body><br \/>\n<\/body><br \/>\n    <\/html><\/span><\/span><\/span><\/span><\/span><\/span><\/span><\/span><\/span><\/span><\/span><\/span><\/span><\/span><\/p>\n","protected":false},"excerpt":{"rendered":"<p>No audio playback capabilities, please download the audio belowDownload Audio: Closed Format: MP3 Download (verlinkte Audio-Quelle bis zur Depublizierung: rbb, radioeins) * via radioeins.de * via ARD-Audiothek * via spotify * via Apple PodCasts * via ALEXA: &#8222;Alexa, spiele Medienmagazin (von radioeins!)&#8220; * via Google Home: &#8222;Ok, Google, spiele radioeins Medienmagazin!&#8220; * via Amazonmusic SCHLESINGER-PROZESS [&hellip;]<\/p>\n","protected":false},"author":2,"featured_media":51003,"comment_status":"closed","ping_status":"open","sticky":false,"template":"","format":"standard","meta":{"_monsterinsights_skip_tracking":false,"footnotes":""},"categories":[4],"tags":[88,542,1063],"class_list":["post-54653","post","type-post","status-publish","format-standard","has-post-thumbnail","hentry","category-medienmagazin","tag-rbb","tag-streaming","tag-wahrheit"],"_links":{"self":[{"href":"https:\/\/www.wwwagner.tv\/index.php?rest_route=\/wp\/v2\/posts\/54653","targetHints":{"allow":["GET"]}}],"collection":[{"href":"https:\/\/www.wwwagner.tv\/index.php?rest_route=\/wp\/v2\/posts"}],"about":[{"href":"https:\/\/www.wwwagner.tv\/index.php?rest_route=\/wp\/v2\/types\/post"}],"author":[{"embeddable":true,"href":"https:\/\/www.wwwagner.tv\/index.php?rest_route=\/wp\/v2\/users\/2"}],"replies":[{"embeddable":true,"href":"https:\/\/www.wwwagner.tv\/index.php?rest_route=%2Fwp%2Fv2%2Fcomments&post=54653"}],"version-history":[{"count":2,"href":"https:\/\/www.wwwagner.tv\/index.php?rest_route=\/wp\/v2\/posts\/54653\/revisions"}],"predecessor-version":[{"id":54655,"href":"https:\/\/www.wwwagner.tv\/index.php?rest_route=\/wp\/v2\/posts\/54653\/revisions\/54655"}],"wp:featuredmedia":[{"embeddable":true,"href":"https:\/\/www.wwwagner.tv\/index.php?rest_route=\/wp\/v2\/media\/51003"}],"wp:attachment":[{"href":"https:\/\/www.wwwagner.tv\/index.php?rest_route=%2Fwp%2Fv2%2Fmedia&parent=54653"}],"wp:term":[{"taxonomy":"category","embeddable":true,"href":"https:\/\/www.wwwagner.tv\/index.php?rest_route=%2Fwp%2Fv2%2Fcategories&post=54653"},{"taxonomy":"post_tag","embeddable":true,"href":"https:\/\/www.wwwagner.tv\/index.php?rest_route=%2Fwp%2Fv2%2Ftags&post=54653"}],"curies":[{"name":"wp","href":"https:\/\/api.w.org\/{rel}","templated":true}]}}