{"id":54797,"date":"2025-10-04T18:05:18","date_gmt":"2025-10-04T16:05:18","guid":{"rendered":"https:\/\/www.wwwagner.tv\/?p=54797"},"modified":"2025-11-05T00:38:57","modified_gmt":"2025-11-04T22:38:57","slug":"medienmagazin-vom-05-10-2025","status":"publish","type":"post","link":"https:\/\/www.wwwagner.tv\/?p=54797","title":{"rendered":"Medienmagazin vom 04.10.2025"},"content":{"rendered":"<p><span style=\"font-size: 11pt; font-family: tahoma,arial,helvetica,sans-serif;\"><br \/>\n <audio   controls > <source src=\"https:\/\/rbbmediapmdp-a.akamaihd.net\/content\/74\/bc\/74bc100d-e23a-4697-9d5a-7e46a3229936\/0d4767d4-99e3-4006-a3a8-534ab6fa201f_a40ef92d-14c5-48ec-a373-481f7722d277_128k.mp3\" type='audio\/mpeg' \/> <object   type=\"application\/x-shockwave-flash\"  data=\"https:\/\/www.wwwagner.tv\/wp-content\/plugins\/wphtml5player\/inc\/flowplayer.swf\"  width=\"400\"  height=\"30\"> <param name=\"movie\" value='https:\/\/www.wwwagner.tv\/wp-content\/plugins\/wphtml5player\/inc\/flowplayer.swf' \/><param name=\"allowfullscreen\" value='false' \/><param name=\"cachebusting\" value='true' \/><param name=\"bgcolor\" value='#000000' \/><param name=\"flashvars\" value='config={\"plugins\":{\"controls\":{\"height\":30,\"autoHide\":false,\"fullscreen\":false}},\"clip\":{\"autoPlay\":false,\"url\":\"https:\\\/\\\/rbbmediapmdp-a.akamaihd.net\\\/content\\\/74\\\/bc\\\/74bc100d-e23a-4697-9d5a-7e46a3229936\\\/0d4767d4-99e3-4006-a3a8-534ab6fa201f_a40ef92d-14c5-48ec-a373-481f7722d277_128k.mp3\"},\"playlist\":[{\"autoPlay\":false,\"url\":\"https:\\\/\\\/rbbmediapmdp-a.akamaihd.net\\\/content\\\/74\\\/bc\\\/74bc100d-e23a-4697-9d5a-7e46a3229936\\\/0d4767d4-99e3-4006-a3a8-534ab6fa201f_a40ef92d-14c5-48ec-a373-481f7722d277_128k.mp3\"}],\"play\":{\"opacity\":0}}' \/>  No audio playback capabilities, please download the audio below<br \/><strong>Download Audio:<\/strong> Closed Format: <a href=\"https:\/\/rbbmediapmdp-a.akamaihd.net\/content\/74\/bc\/74bc100d-e23a-4697-9d5a-7e46a3229936\/0d4767d4-99e3-4006-a3a8-534ab6fa201f_a40ef92d-14c5-48ec-a373-481f7722d277_128k.mp3\">MP3<\/a> <\/object> <!-- Generated by HTML5 Multimedia Framework (http:\/\/code.google.com\/p\/html5videoplayer) --> <\/audio>  <br \/>\n<a href=\"https:\/\/rbbmediapmdp-a.akamaihd.net\/content\/74\/bc\/74bc100d-e23a-4697-9d5a-7e46a3229936\/0d4767d4-99e3-4006-a3a8-534ab6fa201f_a40ef92d-14c5-48ec-a373-481f7722d277_128k.mp3\" target=\"_blank\" rel=\"noopener noreferrer\">Download<\/a><br \/>\n<span style=\"color: #666666;\"> (verlinkte Audio-Quelle bis zur Depublizierung: rbb, radioeins)<\/span><br \/>\n* via <a href=\"http:\/\/bit.ly\/UiK8m2\" rel=\"noopener noreferrer\" target=\"_blank\">radioeins.de<\/a><br \/>\n* via <a href=\"http:\/\/bit.ly\/2QPyw0c\" rel=\"noopener noreferrer\" target=\"_blank\">ARD-Audiothek<\/a><br \/>\n* via <a href=\"https:\/\/open.spotify.com\/show\/7xVQUA4ge6g5IUsCYk5qtE?si=d4af4d1f18f94ddc\" rel=\"noopener\" target=\"_blank\">spotify<\/a><br \/>\n* via <a href=\"https:\/\/podcasts.apple.com\/de\/podcast\/medienmagazin\/id160843212\" rel=\"noopener\" target=\"_blank\">Apple PodCasts<\/a><br \/>\n* via ALEXA: &#8222;Alexa, spiele Medienmagazin (von radioeins!)&#8220;<br \/>\n* via Google Home: &#8222;Ok, Google, spiele radioeins Medienmagazin!&#8220;<br \/>\n* via <a href=\"https:\/\/music.amazon.de\/podcasts\/7afb1048-853d-4021-a704-7ba7e902e6ac\/medienmagazin\" rel=\"noopener\" target=\"_blank\">Amazonmusic<\/a><\/p>\n<div style=\"height: 10px;\"><\/div>\n<p><span style=\"font-size: 11pt; font-family: tahoma,arial,helvetica,sans-serif;\"><br \/>\n<strong>RBB-PROGRAMMDIREKTOR | TAGESSPIEGEL | DDR-FERNSEHEN | RBB-RUNDFUNKRAT<\/strong><br \/>\n<span style=\"font-size: 11pt; font-family: tahoma,arial,helvetica,sans-serif;\"><br \/>\n(00:00) INTRO: rbb-Rundfunkrat w\u00e4hlte neuen rbb-Programmdirektor &#8211; Frank Becker &#8211; Robert Skuppin | (01:39) RBB &#8211; Neuer Programmdirektor im Interview &#8211; Robert Skuppin | (19:22) JUBIL\u00c4UM: Tagesspiegel feierte 80 Jahre &#8211; Christian Tretbar | (36:03) POLITMAGAZIN HISTORISCH: \u201ePRISMA\u201c &#8211; Michael Meyer | (45:23) BONUS: Telefonstreich, Sch\u00f6ne Sendung, 20.03.1999 &#8211; Robert Skuppin &#8211; Volker Wieprecht &#8211; Arno M\u00fcller | (54:51) BONUS: \u00d6ffentliche rbb-Rundfunkratssitzung, 01.10.2025, 16 Uhr, Potsdam &#8211; TOP 1\/2 &#8211; Frank Becker | (1:03:25) TOP 3 &#8211; Bericht des Direktoriums &#8211; Ulrike Demmer | (1:26:30) Aussprache | (1:57:08) TOP 4 &#8211; \u00c4nderung der Gesch\u00e4ftsordnung des rbb &#8211; Ulrike Demmer | (2:02:32) TOP 5 &#8211; Wahl eines Programmdirektors auf Vorschlag der Intendantin &#8211; Ulrike Demmer &#8211; Robert Skuppin | (2:42:59) TOP 6 &#8211; Bericht des Verwaltungsratsvorsitzenden &#8211; Dr. Wolfgang Kru\u0308ger | (2:51:15) TOP 9 &#8211; \u00c4nderung der Gesch\u00e4ftsordnung des Rundfunkrates &#8211; Harald Geywitz | (2:55:21) TOP 10 &#8211; Beschluss der Wahlordnung zur Wahl der Verwaltungsratsmitglieder &#8211; Harald Geywitz | (2:59:25) TOP 8 &#8211; Bericht des Personalrats &#8211; Martina Schrey &#8211;  Aussprache | (3:11:50) TOP 11 &#8211; Programmbeschwerden &#8211; Frank Feuerschu\u0308tz | (4:17:35) TOP 12 &#8211; Verabschiedung der Qualit\u00e4tsstandards des rbb-Rundfunkrates fu\u0308r die rbb-Angebote &#8211; Frank Feuerschu\u0308tz | (4:23:40) TOP 13 &#8211; Berichte aus den Ausschu\u0308ssen und Vertretungen &#8211; Frank Feuerschu\u0308tz &#8211; Christian Amsinck &#8211; Hara ld Geywitz &#8211; Regine Auster &#8211; Katharina Riedel &#8211; Melanie Ku\u0308hnemann-Grunow &#8211; Andrea K\u00fchnemann | (4:35:22) TOP 14 &#8211; Verschiedenes &#8211; Frank Becker || J\u00f6rg Wagner<\/p>\n<div style=\"height: 20px;\"><\/div>\n<p><span style=\"font-size: 11pt; font-family: tahoma,arial,helvetica,sans-serif;\"><br \/>\n<strong>INTRO: rbb-Rundfunkrat w\u00e4hlte neuen rbb-Programmdirektor<\/strong><br \/>\nO-Ton:<br \/>\n* Frank Becker, rbb-Rundfunkratsvorsitzender<br \/>\n* Robert Skuppin, gew\u00e4hlter rbb-Programmdirektor<br \/>\nQuelle: rbb-Rundfunkratssitzung, 01.10.2025<br \/>\n<span style=\"font-size: 11pt; font-family: tahoma,arial,helvetica,sans-serif;\"><br \/>\n<strong>1. RBB &#8211; Neuer Programmdirektor im Interview<\/strong><br \/>\nDer rbb-Rundfunkrat w\u00e4hlte in seiner j\u00fcngsten Sitzung den bisherigen Leiter Contentbox Kultur zum neuen rbb-Programmdirektor.<br \/>\nBiografisches; Wie sieht das Verh\u00e4ltnis von Kontinuit\u00e4t und Erneuerung aus? Welche Programmideen sollen als erstes umgesetzt werden? Wie wird Kritik ber\u00fccksichtigt?<br \/>\nSchaltgespr\u00e4ch mit Robert Skuppin und O-T\u00f6nen<br \/>\n* Telefonstreich; Robert Skuppin, Volker Wieprecht, Arno M\u00fcller; Quelle: &#8222;Sch\u00f6ne Sendung\u201c, radioeins, 20.03.1999 (Ausschnitt)<br \/>\n* Ulrike Demmer, rbb-Intendantin, Quelle: rbb-Rundfunkratssitzung, 01.10.2025<br \/>\n* Robert Skuppin, gew\u00e4hlter rbb-Programmdirektor; Quelle: rbb-Rundfunkratssitzung, 01.10.2025<br \/>\n* Martina Schrey, rbb-Personalratsvorsitzende, Statement am Rande der rbb-Rundfunkratssitzung, 01.10.2025<br \/>\nAutor: J\u00f6rg Wagner (Aufzeichnung, 03.10.2025, 11:00 Uhr)<br \/>\n<span style=\"font-size: 11pt; font-family: tahoma,arial,helvetica,sans-serif;\"><br \/>\n<strong>2. JUBIL\u00c4UM: Tagesspiegel feierte 80 Jahre<\/strong><br \/>\nLetzte Woche beging der Tagesspiegel den 80. Jahrestag seiner Erstausgabe. Aus diesem Anlass veranstaltete die Redaktion eine Jubil\u00e4umswoche.<br \/>\nWieviel Vergangenheit steckt noch im Tagesspiegel? Gibt es bereits einen Plan zum Ende des Papier-Tagesspiegel? Wie stellt sich der Tagesspiegel dem Wettbewerb mit dem rbb? Was sind die gr\u00f6\u00dften Herausforderungen im Zeitungsmarkt?<br \/>\nSchaltgespr\u00e4ch mit Christian Tretbar, Tagesspiegel-Chefredakteur<br \/>\nO-T\u00f6ne: historische Tagesspiegel-Spots: 1992, 2001, 2021<br \/>\nAutor: J\u00f6rg Wagner (Aufzeichnung, 03.10.2025, 09:00 Uhr)<br \/>\n<span style=\"font-size: 11pt; font-family: tahoma,arial,helvetica,sans-serif;\"><br \/>\n<strong>3. POLITMAGAZIN HISTORISCH: \u201ePRISMA\u201c &#8211; \u201eKummerkasten\u201c und Ausloten der Kritikm\u00f6glichkeit in der DDR-Publizistik<\/strong><br \/>\nErfunden wurde das Fernsehmagazin \u201ePrisma\u201c 1963 vom Journalisten und sp\u00e4teren Dokumentarfilmer Gerhard Scheumann, der von den zuvor in der ARD gestarteten Magazine \u201ePanorama\u201c (1961) und \u201eReport\u201c (1960) beeindruckt war. Die Idee von \u201ePrisma\u201c war: Probleme der DDR-Wirtschaft zu besprechen, ohne das System selbst in Frage zu stellen. Die Macher bekamen sehr viele Hinweise aus der Bev\u00f6lkerung. \u201ePrisma\u201c war in den sechziger Jahren sehr erfolgreich, mit Quoten bis zu 27 Prozent. Doch auch \u201ePrisma\u201c unterlag der SED-Zensur.<br \/>\nLeitungsgespr\u00e4ch aus dem HdR mit O-T\u00f6nen:<br \/>\n* aus \u201ePrisma\u201c, Quelle: DRA<br \/>\n* Christoph Classen, Medienhistoriker am Leibniz-Zentrum f\u00fcr Zeithistorische Forschung, Potsdam<br \/>\nAutor: Michael Meyer (live)<br \/>\n<span style=\"font-size: 11pt; font-family: tahoma,arial,helvetica,sans-serif;\"><br \/>\n<strong>PODCAST-BONUS:<\/strong><br \/>\n* Telefonstreich; Robert Skuppin, Volker Wieprecht, Arno M\u00fcller, Quelle: &#8222;Sch\u00f6ne Sendung\u201c, radioeins, 20.03.1999 (vollst\u00e4ndig)<br \/>\n* rbb-Rundfunkratssitzung, 01.10.2025, 16:00 Uhr, Potsdam (komplett)<\/p>\n<div style=\"height: 20px;\"><\/div>\n<hr \/>\n<div style=\"height: 5px;\"><\/div>\n<p><html><br \/>\n     <head><\/p>\n<style type=\"text\/css\">\n       body {\n                     background: #DADADA;\n       }\n      <\/style>\n<p>     <\/head><br \/>\n     <body><br \/>\n<\/body><br \/>\n    <\/html><\/span><\/span><\/span><\/span><\/span><\/span><\/span><\/span><\/p>\n","protected":false},"excerpt":{"rendered":"<p>No audio playback capabilities, please download the audio belowDownload Audio: Closed Format: MP3 Download (verlinkte Audio-Quelle bis zur Depublizierung: rbb, radioeins) * via radioeins.de * via ARD-Audiothek * via spotify * via Apple PodCasts * via ALEXA: &#8222;Alexa, spiele Medienmagazin (von radioeins!)&#8220; * via Google Home: &#8222;Ok, Google, spiele radioeins Medienmagazin!&#8220; * via Amazonmusic RBB-PROGRAMMDIREKTOR [&hellip;]<\/p>\n","protected":false},"author":2,"featured_media":51003,"comment_status":"closed","ping_status":"open","sticky":false,"template":"","format":"standard","meta":{"_monsterinsights_skip_tracking":false,"footnotes":""},"categories":[4],"tags":[1292,88,624],"class_list":["post-54797","post","type-post","status-publish","format-standard","has-post-thumbnail","hentry","category-medienmagazin","tag-ddr-fernsehen","tag-rbb","tag-tagesspiegel"],"_links":{"self":[{"href":"https:\/\/www.wwwagner.tv\/index.php?rest_route=\/wp\/v2\/posts\/54797","targetHints":{"allow":["GET"]}}],"collection":[{"href":"https:\/\/www.wwwagner.tv\/index.php?rest_route=\/wp\/v2\/posts"}],"about":[{"href":"https:\/\/www.wwwagner.tv\/index.php?rest_route=\/wp\/v2\/types\/post"}],"author":[{"embeddable":true,"href":"https:\/\/www.wwwagner.tv\/index.php?rest_route=\/wp\/v2\/users\/2"}],"replies":[{"embeddable":true,"href":"https:\/\/www.wwwagner.tv\/index.php?rest_route=%2Fwp%2Fv2%2Fcomments&post=54797"}],"version-history":[{"count":2,"href":"https:\/\/www.wwwagner.tv\/index.php?rest_route=\/wp\/v2\/posts\/54797\/revisions"}],"predecessor-version":[{"id":54802,"href":"https:\/\/www.wwwagner.tv\/index.php?rest_route=\/wp\/v2\/posts\/54797\/revisions\/54802"}],"wp:featuredmedia":[{"embeddable":true,"href":"https:\/\/www.wwwagner.tv\/index.php?rest_route=\/wp\/v2\/media\/51003"}],"wp:attachment":[{"href":"https:\/\/www.wwwagner.tv\/index.php?rest_route=%2Fwp%2Fv2%2Fmedia&parent=54797"}],"wp:term":[{"taxonomy":"category","embeddable":true,"href":"https:\/\/www.wwwagner.tv\/index.php?rest_route=%2Fwp%2Fv2%2Fcategories&post=54797"},{"taxonomy":"post_tag","embeddable":true,"href":"https:\/\/www.wwwagner.tv\/index.php?rest_route=%2Fwp%2Fv2%2Ftags&post=54797"}],"curies":[{"name":"wp","href":"https:\/\/api.w.org\/{rel}","templated":true}]}}