{"id":54934,"date":"2026-01-31T18:05:00","date_gmt":"2026-01-31T16:05:00","guid":{"rendered":"https:\/\/www.wwwagner.tv\/?p=54934"},"modified":"2026-08-04T23:59:27","modified_gmt":"2026-08-04T21:59:27","slug":"die-medienhoelle-vom-31-01-2026-episode-004","status":"publish","type":"post","link":"https:\/\/www.wwwagner.tv\/?p=54934","title":{"rendered":"DIE MEDIENH\u00d6LLE vom 31.01.2026 &#8211; Episode 004"},"content":{"rendered":"<p><script class=\"podigee-podcast-player\" src=\"https:\/\/player.podigee-cdn.net\/podcast-player\/javascripts\/podigee-podcast-player.js\" data-configuration=\"https:\/\/medienhoelle.podigee.io\/5-neue-episode\/embed?context=external\"><\/script><br \/>\n<span style=\"font-size: 11pt; font-family: tahoma,arial,helvetica,sans-serif;\"><br \/>\n* via <a href=\"https:\/\/open.spotify.com\/show\/3ed0t0hgF89nKuRkW5TBja?si=2b60faa94c76418b\" target=\"_blank\">spotify<\/a><br \/>\n* via <a href=\"https:\/\/podcasts.apple.com\/de\/podcast\/die-medienh%C3%B6lle\/id1866269499\" rel=\"noopener\" target=\"_blank\">Apple PodCasts<\/a><br \/>\n* via <a href=\"https:\/\/music.amazon.de\/podcasts\/348ac27a-79a4-4c60-8e9e-42e44aa097f3\/die-medienh%C3%B6lle\" rel=\"noopener\" target=\"_blank\">Amazonmusic<\/a><\/p>\n<div style=\"height: 10px;\"><\/div>\n<div class=\"BorlabsCookie\"><div class=\"_brlbs-content-blocker\"> <div class=\"_brlbs-embed _brlbs-video-youtube\"> <img class=\"_brlbs-thumbnail\" src=\"https:\/\/www.wwwagner.tv\/wp-content\/plugins\/borlabs-cookie\/images\/cb-no-thumbnail.png\" alt=\"YouTube\"> <div class=\"_brlbs-caption\"> <p>Mit dem Laden des Videos akzeptieren Sie die Datenschutzerkl\u00e4rung von YouTube.<br><a href=\"https:\/\/policies.google.com\/privacy\" target=\"_blank\" rel=\"nofollow noopener noreferrer\">Mehr erfahren<\/a><\/p> <p><a class=\"_brlbs-btn _brlbs-icon-play-white\" href=\"#\" data-borlabs-cookie-unblock role=\"button\">Video laden<\/a><\/p> <p><label><input type=\"checkbox\" name=\"unblockAll\" value=\"1\" checked> <small>YouTube immer entsperren<\/small><\/label><\/p> <\/div> <\/div> <\/div><div class=\"borlabs-hide\" data-borlabs-cookie-type=\"content-blocker\" data-borlabs-cookie-id=\"youtube\"><script type=\"text\/template\">PHA+PGlmcmFtZSBsb2FkaW5nPSJsYXp5IiB3aWR0aD0iNjAwIiBoZWlnaHQ9IjMzOCIgc3JjPSJodHRwczovL3d3dy55b3V0dWJlLW5vY29va2llLmNvbS9lbWJlZC9xaThCT0REb1pHYz9zaT1zQ1pZQzdpbDhnNzJRd3ZjIiB0aXRsZT0iWW91VHViZSB2aWRlbyBwbGF5ZXIiIGZyYW1lYm9yZGVyPSIwIiBhbGxvdz0iYWNjZWxlcm9tZXRlcjsgYXV0b3BsYXk7IGNsaXBib2FyZC13cml0ZTsgZW5jcnlwdGVkLW1lZGlhOyBneXJvc2NvcGU7IHBpY3R1cmUtaW4tcGljdHVyZTsgd2ViLXNoYXJlIiByZWZlcnJlcnBvbGljeT0ic3RyaWN0LW9yaWdpbi13aGVuLWNyb3NzLW9yaWdpbiIgYWxsb3dmdWxsc2NyZWVuPjwvaWZyYW1lPjwvcD4=<\/script><\/div><\/div>\n<hr \/>\n<p><span style=\"font-size: 11pt; font-family: tahoma,arial,helvetica,sans-serif;\"><br \/>\n[00:00] <strong>INTRO: Dr. Rainer Esser<\/strong><br \/>\nO-Ton: Rainer Esser als, CEO der ZEIT-Verlagsgruppe beim European Newspaper Congress, Wien, 2018<br \/>\n<span style=\"font-size: 11pt; font-family: tahoma,arial,helvetica,sans-serif;\"><br \/>\n[03:27] <strong>TAGUNG: 38. dju-Journalismustag<\/strong><br \/>\nUnausgereifte KI \u00fcbernahm bei TikTok die Contentmoderation und -Kontrolle. Die Menschen mussten gehen.<br \/>\nIm Gespr\u00e4ch mit Philipp Nitzsche: Sara Tegge, ehemalige TikTok-Besch\u00e4ftigte, Anti-AI-Activist<br \/>\nrec.: 31.01.2026<br \/>\nVgl.: <a href=\"https:\/\/www.verdi.de\/medien\/38-journalismustag-berlin\" target=\"_blank\">38. dju-Journalismustag<\/a><br \/>\n<span style=\"font-size: 11pt; font-family: tahoma,arial,helvetica,sans-serif;\"><br \/>\n[13:07] <strong>INSOLVENZ: Phoenix-Szenario?<\/strong><br \/>\nSebastian Jabbusch, Medienunternehmer, Gesch\u00e4ftsf\u00fchrer und Gr\u00fcnder bei EasyLivestream.de, rec.: 29.01.2026<br \/>\nKontakt zu Sebastian Jabbusch \u00fcber: jabbusch [\u00c4T] gmaiL [P\u00dcNKTCHEN] com<br \/>\n<span style=\"font-size: 11pt; font-family: tahoma,arial,helvetica,sans-serif;\"><br \/>\n[1:00:43] <strong>Im Portr\u00e4t: Kayhan \u00d6zgen\u00e7 (2)<\/strong><br \/>\nKamingespr\u00e4ch mit Kayhan \u00d6zgen\u00e7, Kommunikationsberater, Ex-Chef vom Business Insider; rec.: 23.01.2026<br \/>\n<span style=\"font-size: 11pt; font-family: tahoma,arial,helvetica,sans-serif;\"><br \/>\n[1:15:35] <strong>ARCHIV: 28.01.1986\/01.02.2003 &#8211; Space Shuttle-Unf\u00e4lle<\/strong><br \/>\nO-Ton: Challenger-Fehlstart, 28.01.1986, 17:38 Uhr, Rias Berlin<br \/>\nTelefoninterview mit Harro Zimmer, Weltraumexperte und Journalist, (1935-2025), rec.: 01.02.2003<br \/>\n<span style=\"font-size: 11pt; font-family: tahoma,arial,helvetica,sans-serif;\"><br \/>\n[1:22:27] <strong>BONUS: 38. dju-Journalismustag<\/strong><br \/>\n&#8222;Influencer*innen, Content Creators, Gr\u00fcnder*innen: Ist das (noch) Journalismus?&#8220; &#8211; Impuls-Referat: Anna von Garmissen, Leibniz-Institut f\u00fcr Medienforschung, Berlin, 31.01.2026<\/p>\n<div style=\"height: 20px;\"><\/div>\n<hr \/>\n<div style=\"height: 5px;\"><\/div>\n<p><html><br \/>\n     <head><\/p>\n<style type=\"text\/css\">\n       body {\n                     background: #DADADA;\n       }\n      <\/style>\n<p>     <\/head><br \/>\n     <body><br \/>\n<\/body><br \/>\n    <\/html><\/span><\/span><br \/>\n<\/span><\/span><\/span><\/span><\/span><\/p>\n","protected":false},"excerpt":{"rendered":"<p>* via spotify * via Apple PodCasts * via Amazonmusic Mit dem Laden des Videos akzeptieren Sie die Datenschutzerkl\u00e4rung von YouTube.Mehr erfahren Video laden YouTube immer entsperren [00:00] INTRO: Dr. Rainer Esser O-Ton: Rainer Esser als, CEO der ZEIT-Verlagsgruppe beim European Newspaper Congress, Wien, 2018 [03:27] TAGUNG: 38. dju-Journalismustag Unausgereifte KI \u00fcbernahm bei TikTok die [&hellip;]<\/p>\n","protected":false},"author":2,"featured_media":0,"comment_status":"closed","ping_status":"open","sticky":false,"template":"","format":"standard","meta":{"_monsterinsights_skip_tracking":false,"footnotes":""},"categories":[4],"tags":[921,421,1438,222,1439,1139,936],"class_list":["post-54934","post","type-post","status-publish","format-standard","hentry","category-medienmagazin","tag-dju","tag-focus","tag-insolvenz","tag-journalismus","tag-superzeitung","tag-tiktok","tag-weltraum"],"_links":{"self":[{"href":"https:\/\/www.wwwagner.tv\/index.php?rest_route=\/wp\/v2\/posts\/54934","targetHints":{"allow":["GET"]}}],"collection":[{"href":"https:\/\/www.wwwagner.tv\/index.php?rest_route=\/wp\/v2\/posts"}],"about":[{"href":"https:\/\/www.wwwagner.tv\/index.php?rest_route=\/wp\/v2\/types\/post"}],"author":[{"embeddable":true,"href":"https:\/\/www.wwwagner.tv\/index.php?rest_route=\/wp\/v2\/users\/2"}],"replies":[{"embeddable":true,"href":"https:\/\/www.wwwagner.tv\/index.php?rest_route=%2Fwp%2Fv2%2Fcomments&post=54934"}],"version-history":[{"count":6,"href":"https:\/\/www.wwwagner.tv\/index.php?rest_route=\/wp\/v2\/posts\/54934\/revisions"}],"predecessor-version":[{"id":55230,"href":"https:\/\/www.wwwagner.tv\/index.php?rest_route=\/wp\/v2\/posts\/54934\/revisions\/55230"}],"wp:attachment":[{"href":"https:\/\/www.wwwagner.tv\/index.php?rest_route=%2Fwp%2Fv2%2Fmedia&parent=54934"}],"wp:term":[{"taxonomy":"category","embeddable":true,"href":"https:\/\/www.wwwagner.tv\/index.php?rest_route=%2Fwp%2Fv2%2Fcategories&post=54934"},{"taxonomy":"post_tag","embeddable":true,"href":"https:\/\/www.wwwagner.tv\/index.php?rest_route=%2Fwp%2Fv2%2Ftags&post=54934"}],"curies":[{"name":"wp","href":"https:\/\/api.w.org\/{rel}","templated":true}]}}