{"id":55109,"date":"2026-03-08T17:09:12","date_gmt":"2026-03-08T15:09:12","guid":{"rendered":"https:\/\/www.wwwagner.tv\/?p=55109"},"modified":"2026-03-11T02:08:07","modified_gmt":"2026-03-11T00:08:07","slug":"die-medienhoelle-vom-08-03-2026-episode-009","status":"publish","type":"post","link":"https:\/\/www.wwwagner.tv\/?p=55109","title":{"rendered":"Die Medienh\u00f6lle vom 08.03.2026 &#8211; Episode 009"},"content":{"rendered":"<p><script class=\"podigee-podcast-player\" src=\"https:\/\/player.podigee-cdn.net\/podcast-player\/javascripts\/podigee-podcast-player.js\" data-configuration=\"https:\/\/medienhoelle.podigee.io\/10-neue-episode\/embed?context=external\"><\/script><br \/>\n<span style=\"font-size: 11pt; font-family: tahoma,arial,helvetica,sans-serif;\"><br \/>\n* via <a href=\"https:\/\/open.spotify.com\/show\/3ed0t0hgF89nKuRkW5TBja?si=2b60faa94c76418b\" target=\"_blank\">spotify<\/a><br \/>\n* via <a href=\"https:\/\/podcasts.apple.com\/de\/podcast\/die-medienh%C3%B6lle\/id1866269499\" rel=\"noopener\" target=\"_blank\">Apple PodCasts<\/a><br \/>\n* via <a href=\"https:\/\/music.amazon.de\/podcasts\/348ac27a-79a4-4c60-8e9e-42e44aa097f3\/die-medienh%C3%B6lle\" rel=\"noopener\" target=\"_blank\">Amazonmusic<\/a><\/p>\n<div style=\"height: 10px;\"><\/div>\n<div class=\"BorlabsCookie\"><div class=\"_brlbs-content-blocker\"> <div class=\"_brlbs-embed _brlbs-video-youtube\"> <img class=\"_brlbs-thumbnail\" src=\"https:\/\/www.wwwagner.tv\/wp-content\/plugins\/borlabs-cookie\/images\/cb-no-thumbnail.png\" alt=\"YouTube\"> <div class=\"_brlbs-caption\"> <p>Mit dem Laden des Videos akzeptieren Sie die Datenschutzerkl\u00e4rung von YouTube.<br><a href=\"https:\/\/policies.google.com\/privacy\" target=\"_blank\" rel=\"nofollow noopener noreferrer\">Mehr erfahren<\/a><\/p> <p><a class=\"_brlbs-btn _brlbs-icon-play-white\" href=\"#\" data-borlabs-cookie-unblock role=\"button\">Video laden<\/a><\/p> <p><label><input type=\"checkbox\" name=\"unblockAll\" value=\"1\" checked> <small>YouTube immer entsperren<\/small><\/label><\/p> <\/div> <\/div> <\/div><div class=\"borlabs-hide\" data-borlabs-cookie-type=\"content-blocker\" data-borlabs-cookie-id=\"youtube\"><script type=\"text\/template\">PHA+PGlmcmFtZSBsb2FkaW5nPSJsYXp5IiB3aWR0aD0iNjAwIiBoZWlnaHQ9IjMzOCIgc3JjPSJodHRwczovL3d3dy55b3V0dWJlLW5vY29va2llLmNvbS9lbWJlZC95LWdTeTNodE94UT9zaT0wd3Z3UnBtVHp0cTVsVjdUIiB0aXRsZT0iWW91VHViZSB2aWRlbyBwbGF5ZXIiIGZyYW1lYm9yZGVyPSIwIiBhbGxvdz0iYWNjZWxlcm9tZXRlcjsgYXV0b3BsYXk7IGNsaXBib2FyZC13cml0ZTsgZW5jcnlwdGVkLW1lZGlhOyBneXJvc2NvcGU7IHBpY3R1cmUtaW4tcGljdHVyZTsgd2ViLXNoYXJlIiByZWZlcnJlcnBvbGljeT0ic3RyaWN0LW9yaWdpbi13aGVuLWNyb3NzLW9yaWdpbiIgYWxsb3dmdWxsc2NyZWVuPjwvaWZyYW1lPg==<\/script><\/div><\/div><br \/>\n<span style=\"font-size: 11pt; font-family: tahoma,arial,helvetica,sans-serif;\"><br \/>\n<strong>Episode #009: SPARTENSENDER | IRAN: Auch \u00c4therkrieg? | INSIDE: Google AI Center Berlin | SERIEN-TIPP: &#8222;BORGEN&#8220; | ARCHIV: Wo die RIAS-Sch\u00e4tze lagern | BONUS: Radio Farda (2005) | in memoriam: Marmeladenoma<\/strong><br \/>\nrec.: 07.03.2026 (ver\u00f6ffentlicht: 08.03.2026, 17.10 Uhr)<br \/>\n<span style=\"font-size: 11pt; font-family: tahoma,arial,helvetica,sans-serif;\"><br \/>\n[00:00:00] <strong>TRESOR: Medienh\u00f6lle-Unterst\u00fctzer der Woche<\/strong><br \/>\nLieben Dank!!!!!<br \/>\n<span style=\"font-size: 11pt; font-family: tahoma,arial,helvetica,sans-serif;\"><br \/>\n[00:00:09] <strong>INTRO: ARD-Spartensender gestrichen<\/strong><br \/>\nDr. Katrin Vernau, WDR-Intendantin<br \/>\nQuelle: &#8222;T\u00f6ne, Texte, Bilder&#8220;, WDR-Medienmagazin, <a href=\"https:\/\/www1.wdr.de\/mediathek\/audio\/wdr5\/wdr5-toene-texte-bilder-interviews\/audio-neue-senderstrategie-von-ard-und-zdf-102.html\" target=\"_blank\">07.03.2026<\/a>, 10:04 Uhr<br \/>\n<span style=\"font-size: 11pt; font-family: tahoma,arial,helvetica,sans-serif;\"><br \/>\n[00:07:09] <strong>THEMEN <\/strong><br \/>\n<span style=\"font-size: 11pt; font-family: tahoma,arial,helvetica,sans-serif;\"><br \/>\n[00:10:26] <strong>IRAN: Auch \u00c4therkrieg?<\/strong><br \/>\nKai Ludwig, AM\/FM-Experte \u00fcber seine Beobachtungen der Funkwellen in Nahost<br \/>\nrec.: 06.03.2026, 20.00 Uhr<br \/>\nVgl.:<br \/>\nRFE\/RL, Radio <a href=\"https:\/\/www.radiofarda.com\/live\/audio\/79\" target=\"_blank\">Farda<\/a><br \/>\nVoice of America, <a href=\"https:\/\/ir.voanews.com\/live\/video\/86\" target=\"_blank\">Iran<\/a>-Programm:<br \/>\nVOA-<a href=\"https:\/\/x.com\/kaedotcom\/status\/2027726433364111671\" target=\"_blank\">Programm<\/a> mit psychologischer Kriegsf\u00fchrung<br \/>\nBBC, <a href=\"https:\/\/www.bbc.com\/persian\/media-49522521\" target=\"_blank\">Iran<\/a>-Programm (Fernsehen)<br \/>\nVideo: Wiederaufnahme BBC-<a href=\"https:\/\/x.com\/HadiNili\/status\/2019140229555450302 oder https:\/\/xcancel.com\/HadiNili\/status\/2019140229555450302#m\" target=\"_blank\">Radio<\/a> in den Iran<br \/>\nIRIB (iranischer Rundfunk) <a href=\"https:\/\/parstoday.ir\/de\/\" target=\"_blank\">Deutsch<\/a> (Texte und Radiosendung):<br \/>\nIRIB, <a href=\"https:\/\/parstoday.ir\/de\/\" target=\"_blank\">englisches<\/a> Fernsehprogramm: https:\/\/www.presstv.ir\/Live<br \/>\nIran International (London, saudisch finanziert): https:\/\/ott.iranintl.com\/tv?lang=fa<br \/>\n<span style=\"font-size: 11pt; font-family: tahoma,arial,helvetica,sans-serif;\"><br \/>\n[00:25:15] <strong>GOOGLE: AI Center in Berlin er\u00f6ffnet<\/strong><br \/>\nrec.: 05.03.2026, 10.00 Uhr<br \/>\nInterviews mit:<br \/>\n[00:28:33] Dr. Wieland Holfelder, Leiter des Google Entwicklungszentrums in M\u00fcnchen<br \/>\n[00:34:49] Prof. Dr. Alena Buyx, Medizinethikerin und Hochschullehrerin, TU M\u00fcnchen<br \/>\n[00:36:10] Jan-Keno Janssen, YouTube Host c\u2019t <a href=\"https:\/\/www.youtube.com\/@ct3003\" target=\"_blank\">3003<\/a><br \/>\n<span style=\"font-size: 11pt; font-family: tahoma,arial,helvetica,sans-serif;\"><br \/>\n[00:41:16] <strong>SERIEN-Tipp: &#8222;BORGEN&#8220;<\/strong><br \/>\n(zur Zeit bei NETFLIX, gelegentlich bei ARTE und ONE)<br \/>\n<span style=\"font-size: 11pt; font-family: tahoma,arial,helvetica,sans-serif;\"><br \/>\n[00:49:49] <strong>ARCHIV: Wo die RIAS-Sch\u00e4tze lagern<\/strong><br \/>\nInterview und Archiv-Rundgang zum Tag der Archive mit J\u00f6rg Wehling, Abteilungsleiter Dokumentation und Archive des Deutschlandradios<br \/>\nrec.: 04.03.2026, 17.15 Uhr, Studio 5<br \/>\n[01:17:53] Vorraum von Studio 5<br \/>\n[01:23:01] Wortbandarchiv<br \/>\nVgl.: <a href=\"https:\/\/www.deutschlandradio.de\/besuch-102.html\" target=\"_blank\">https:\/\/www.deutschlandradio.de\/besuch-102.html<\/a><br \/>\n<u>Korrektur:<\/u> Das Interview mit Christian Bienert, siehe Episode #005, fand im Studio 4 statt und nicht wie hier irrt\u00fcmlicherweise behauptet im Studio 5. Pardon.<br \/>\n<span style=\"font-size: 11pt; font-family: tahoma,arial,helvetica,sans-serif;\"><br \/>\n[01:23:01] <strong>BONUS: Bei Radio Farda<\/strong><br \/>\nStationsportr\u00e4t mit O-T\u00f6nen von: Radio Farda; Ardavan Niknam, Prager Direktor und einer Redakteurin, erg\u00e4nzt um Ausf\u00fchrungen vom AM\/FM-Experten Kai Ludwig am 18.06.2005<br \/>\n<span style=\"font-size: 11pt; font-family: tahoma,arial,helvetica,sans-serif;\"><br \/>\n[01:40:56] <strong>in memoriam: Marmeladenoma<\/strong><br \/>\n<div class=\"BorlabsCookie\"><div class=\"_brlbs-content-blocker\"> <div class=\"_brlbs-embed _brlbs-video-youtube\"> <img class=\"_brlbs-thumbnail\" src=\"https:\/\/www.wwwagner.tv\/wp-content\/plugins\/borlabs-cookie\/images\/cb-no-thumbnail.png\" alt=\"YouTube\"> <div class=\"_brlbs-caption\"> <p>Mit dem Laden des Videos akzeptieren Sie die Datenschutzerkl\u00e4rung von YouTube.<br><a href=\"https:\/\/policies.google.com\/privacy\" target=\"_blank\" rel=\"nofollow noopener noreferrer\">Mehr erfahren<\/a><\/p> <p><a class=\"_brlbs-btn _brlbs-icon-play-white\" href=\"#\" data-borlabs-cookie-unblock role=\"button\">Video laden<\/a><\/p> <p><label><input type=\"checkbox\" name=\"unblockAll\" value=\"1\" checked> <small>YouTube immer entsperren<\/small><\/label><\/p> <\/div> <\/div> <\/div><div class=\"borlabs-hide\" data-borlabs-cookie-type=\"content-blocker\" data-borlabs-cookie-id=\"youtube\"><script type=\"text\/template\">PGlmcmFtZSBsb2FkaW5nPSJsYXp5IiB3aWR0aD0iNjAwIiBoZWlnaHQ9IjMzOCIgc3JjPSJodHRwczovL3d3dy55b3V0dWJlLW5vY29va2llLmNvbS9lbWJlZC9pVnBmMnZpVW44OD9zaT14aTJwQW9VallVX2E3d29SIiB0aXRsZT0iWW91VHViZSB2aWRlbyBwbGF5ZXIiIGZyYW1lYm9yZGVyPSIwIiBhbGxvdz0iYWNjZWxlcm9tZXRlcjsgYXV0b3BsYXk7IGNsaXBib2FyZC13cml0ZTsgZW5jcnlwdGVkLW1lZGlhOyBneXJvc2NvcGU7IHBpY3R1cmUtaW4tcGljdHVyZTsgd2ViLXNoYXJlIiByZWZlcnJlcnBvbGljeT0ic3RyaWN0LW9yaWdpbi13aGVuLWNyb3NzLW9yaWdpbiIgYWxsb3dmdWxsc2NyZWVuPjwvaWZyYW1lPg==<\/script><\/div><\/div><br \/>\nVgl.: Marmeladenoma bei <a href=\"https:\/\/de.wikipedia.org\/wiki\/Marmeladenoma\" target=\"_blank\">Wikipedia<\/a><\/p>\n<p><span style=\"font-size: 11pt; font-family: tahoma,arial,helvetica,sans-serif;\"><br \/>\n*****<br \/>\nDisclaimer: Musik und Animationen sind KI-generiert. Ausnahmen siehe hier:<br \/>\n<span style=\"font-size: 11pt; font-family: tahoma,arial,helvetica,sans-serif;\"><br \/>\n*****<br \/>\nStationvoice : Lydia Drechsler; <a href=\"https:\/\/www.kr\u00e4uterbl\u00fctenliebe.de\/\" target=\"_blank\">https:\/\/www.kr\u00e4uterbl\u00fctenliebe.de\/<\/a><br \/>\nSounddesign: William Wienke; <a href=\"https:\/\/william-guitar.de\/\" target=\"_blank\">https:\/\/william-guitar.de\/<\/a><br \/>\nCover: Ingo R\u00f6mling; <a href=\"https:\/\/www.monozelle.de\/\" target=\"_blank\">https:\/\/www.monozelle.de\/<\/a><br \/>\nHosts: Philipp Nitzsche und J\u00f6rg Wagner<br \/>\nPost: post [\u00e4tt] medienhoelle [p\u00fcnktchen] de<br \/>\n<span style=\"font-size: 11pt; font-family: tahoma,arial,helvetica,sans-serif;\"><br \/>\n*****<br \/>\n\u25ba\u25ba SUPPORT gern via Medienh\u00f6llen-<a href=\"https:\/\/www.paypal.com\/paypalme\/antenneerden\" target=\"_blank\">Kasse<\/a>:<br \/>\n<span style=\"font-size: 11pt; font-family: tahoma,arial,helvetica,sans-serif;\"><br \/>\n\u25ba\u25baODER PER BANK\u00dcBERWEISUNG:<br \/>\nJ\u00f6rg Wagner Freier Journalist<br \/>\nIBAN: DE93500105176000318805<br \/>\nBIC: INGDDEFFXXX<br \/>\nVerwendungszweck: SPENDE JW<br \/>\n*****<\/p>\n<div style=\"height: 20px;\"><\/div>\n<hr \/>\n<div style=\"height: 5px;\"><\/div>\n<p><html><br \/>\n     <head><\/p>\n<style type=\"text\/css\">\n       body {\n                     background: #DADADA;\n       }\n      <\/style>\n<p>     <\/head><br \/>\n     <body><br \/>\n<\/body><br \/>\n    <\/html><\/span><\/span><br \/>\n<\/span><\/span><\/span><\/span><\/span><\/span><\/span><\/span><\/span><\/span><\/span><\/span><\/span><\/p>\n","protected":false},"excerpt":{"rendered":"<p>* via spotify * via Apple PodCasts * via Amazonmusic Mit dem Laden des Videos akzeptieren Sie die Datenschutzerkl\u00e4rung von YouTube.Mehr erfahren Video laden YouTube immer entsperren Episode #009: SPARTENSENDER | IRAN: Auch \u00c4therkrieg? | INSIDE: Google AI Center Berlin | SERIEN-TIPP: &#8222;BORGEN&#8220; | ARCHIV: Wo die RIAS-Sch\u00e4tze lagern | BONUS: Radio Farda (2005) | [&hellip;]<\/p>\n","protected":false},"author":2,"featured_media":0,"comment_status":"closed","ping_status":"open","sticky":false,"template":"","format":"standard","meta":{"_monsterinsights_skip_tracking":false,"_monsterinsights_sitenote_active":false,"_monsterinsights_sitenote_note":"","_monsterinsights_sitenote_category":0,"footnotes":""},"categories":[4],"tags":[47,56,1109,384],"class_list":["post-55109","post","type-post","status-publish","format-standard","hentry","category-medienmagazin","tag-deutschlandradio","tag-google","tag-iran","tag-rias"],"_links":{"self":[{"href":"https:\/\/www.wwwagner.tv\/index.php?rest_route=\/wp\/v2\/posts\/55109","targetHints":{"allow":["GET"]}}],"collection":[{"href":"https:\/\/www.wwwagner.tv\/index.php?rest_route=\/wp\/v2\/posts"}],"about":[{"href":"https:\/\/www.wwwagner.tv\/index.php?rest_route=\/wp\/v2\/types\/post"}],"author":[{"embeddable":true,"href":"https:\/\/www.wwwagner.tv\/index.php?rest_route=\/wp\/v2\/users\/2"}],"replies":[{"embeddable":true,"href":"https:\/\/www.wwwagner.tv\/index.php?rest_route=%2Fwp%2Fv2%2Fcomments&post=55109"}],"version-history":[{"count":6,"href":"https:\/\/www.wwwagner.tv\/index.php?rest_route=\/wp\/v2\/posts\/55109\/revisions"}],"predecessor-version":[{"id":55115,"href":"https:\/\/www.wwwagner.tv\/index.php?rest_route=\/wp\/v2\/posts\/55109\/revisions\/55115"}],"wp:attachment":[{"href":"https:\/\/www.wwwagner.tv\/index.php?rest_route=%2Fwp%2Fv2%2Fmedia&parent=55109"}],"wp:term":[{"taxonomy":"category","embeddable":true,"href":"https:\/\/www.wwwagner.tv\/index.php?rest_route=%2Fwp%2Fv2%2Fcategories&post=55109"},{"taxonomy":"post_tag","embeddable":true,"href":"https:\/\/www.wwwagner.tv\/index.php?rest_route=%2Fwp%2Fv2%2Ftags&post=55109"}],"curies":[{"name":"wp","href":"https:\/\/api.w.org\/{rel}","templated":true}]}}