{"id":55117,"date":"2026-03-15T21:45:29","date_gmt":"2026-03-15T19:45:29","guid":{"rendered":"https:\/\/www.wwwagner.tv\/?p=55117"},"modified":"2026-03-24T01:59:47","modified_gmt":"2026-03-23T23:59:47","slug":"die-medienhoelle-vom-15-03-2026-episode-010","status":"publish","type":"post","link":"https:\/\/www.wwwagner.tv\/?p=55117","title":{"rendered":"Die Medienh\u00f6lle vom 15.03.2026 &#8211; Episode 010"},"content":{"rendered":"<p><script class=\"podigee-podcast-player\" src=\"https:\/\/player.podigee-cdn.net\/podcast-player\/javascripts\/podigee-podcast-player.js\" data-configuration=\"https:\/\/medienhoelle.podigee.io\/11-neue-episode\/embed?context=external\"><\/script><br \/>\n<span style=\"font-size: 11pt; font-family: tahoma,arial,helvetica,sans-serif;\"><br \/>\n* via <a href=\"https:\/\/open.spotify.com\/show\/3ed0t0hgF89nKuRkW5TBja?si=2b60faa94c76418b\" target=\"_blank\">spotify<\/a><br \/>\n* via <a href=\"https:\/\/podcasts.apple.com\/de\/podcast\/die-medienh%C3%B6lle\/id1866269499\" rel=\"noopener\" target=\"_blank\">Apple PodCasts<\/a><br \/>\n* via <a href=\"https:\/\/music.amazon.de\/podcasts\/348ac27a-79a4-4c60-8e9e-42e44aa097f3\/die-medienh%C3%B6lle\" rel=\"noopener\" target=\"_blank\">Amazonmusic<\/a><\/p>\n<div style=\"height: 10px;\"><\/div>\n<div class=\"BorlabsCookie\"><div class=\"_brlbs-content-blocker\"> <div class=\"_brlbs-embed _brlbs-video-youtube\"> <img class=\"_brlbs-thumbnail\" src=\"https:\/\/www.wwwagner.tv\/wp-content\/plugins\/borlabs-cookie\/images\/cb-no-thumbnail.png\" alt=\"YouTube\"> <div class=\"_brlbs-caption\"> <p>Mit dem Laden des Videos akzeptieren Sie die Datenschutzerkl\u00e4rung von YouTube.<br><a href=\"https:\/\/policies.google.com\/privacy\" target=\"_blank\" rel=\"nofollow noopener noreferrer\">Mehr erfahren<\/a><\/p> <p><a class=\"_brlbs-btn _brlbs-icon-play-white\" href=\"#\" data-borlabs-cookie-unblock role=\"button\">Video laden<\/a><\/p> <p><label><input type=\"checkbox\" name=\"unblockAll\" value=\"1\" checked> <small>YouTube immer entsperren<\/small><\/label><\/p> <\/div> <\/div> <\/div><div class=\"borlabs-hide\" data-borlabs-cookie-type=\"content-blocker\" data-borlabs-cookie-id=\"youtube\"><script type=\"text\/template\">PHA+PGlmcmFtZSBsb2FkaW5nPSJsYXp5IiB3aWR0aD0iNjAwIiBoZWlnaHQ9IjMzOCIgc3JjPSJodHRwczovL3d3dy55b3V0dWJlLW5vY29va2llLmNvbS9lbWJlZC9JM0pwbDdvN19naz9zaT1PNVk5UUMxa1J5OXlmMjdkIiB0aXRsZT0iWW91VHViZSB2aWRlbyBwbGF5ZXIiIGZyYW1lYm9yZGVyPSIwIiBhbGxvdz0iYWNjZWxlcm9tZXRlcjsgYXV0b3BsYXk7IGNsaXBib2FyZC13cml0ZTsgZW5jcnlwdGVkLW1lZGlhOyBneXJvc2NvcGU7IHBpY3R1cmUtaW4tcGljdHVyZTsgd2ViLXNoYXJlIiByZWZlcnJlcnBvbGljeT0ic3RyaWN0LW9yaWdpbi13aGVuLWNyb3NzLW9yaWdpbiIgYWxsb3dmdWxsc2NyZWVuPjwvaWZyYW1lPg==<\/script><\/div><\/div><br \/>\n<span style=\"font-size: 11pt; font-family: tahoma,arial,helvetica,sans-serif;\"><br \/>\n<strong>Episode #010: ZDF-FERNSEHRAT: WAHL UND AUSSPRACHE<\/strong><br \/>\nrec.: 14.03.2026 (ver\u00f6ffentlicht: 15.03.2026, 21:45 Uhr)<br \/>\n<span style=\"font-size: 11pt; font-family: tahoma,arial,helvetica,sans-serif;\"><br \/>\n&#x25b6;\ufe0e 0:00:00 <strong>INTRO: Intendanten-Wahl beim ZDF<\/strong><br \/>\nQuelle: ZDF heute XPress, <a href=\"https:\/\/www.zdfheute.de\/in-eigener-sache\/norbert-himmler-wiederwahl-zdf-intendant-100.html\">13.03.2026<\/a><br \/>\n<span style=\"font-size: 11pt; font-family: tahoma,arial,helvetica,sans-serif;\"><br \/>\n&#x25b6;\ufe0e 0:05:43 <strong>FEHLERDISKUSSION: Falsche Bilder im ZDF-heute-journal vom 15.02.2026<\/strong><br \/>\nZusammenfassung der Aussprache im ZDF-Fernsehrat, 13.03.2026<br \/>\n&#x25b6;\ufe0e 0:18:24 Interview Steffen Kampeter, ZDF-Fernsehratsmitglied, Hauptgesch\u00e4ftsf\u00fchrer der Bundesvereinigung der Deutschen Arbeitgeberverb\u00e4nde (BDA)<br \/>\n&#x25b6;\ufe0e 0:21:26 Interview Nathanael Liminski, ZDF-Fernsehratsmitglied, Medienminister NRW<br \/>\n<span style=\"font-size: 11pt; font-family: tahoma,arial,helvetica,sans-serif;\"><br \/>\n&#x25b6;\ufe0e 0:25:12 <strong>R\u00dcCKZUG: Wahl ohne Gegenkandidatin<\/strong><br \/>\nGerda Hasselfeldt, ZDF-Fernsehratsvorsitzende<br \/>\nZDF-Pressegespr\u00e4ch nach der 8. Sitzung des Fernsehrates in der XVII. Amtsperiode des Fernsehrates, 13.03.2026<br \/>\n&#x25b6;\ufe0e 0:40:43 ZDF-Pressegespr\u00e4ch (Fortsetzung)<br \/>\nDr. Norbert Himmler, ZDF-Intendant<br \/>\nGerda Hasselfeldt, ZDF-Fernsehratsvorsitzende<br \/>\n&#x25b6;\ufe0e 0:48:50 ARTE: Auf dem Weg mit 3sat?<br \/>\nInterview Dr. Richard Meng, Vorsitzender ARTE <a href=\"https:\/\/corporate.arte.tv\/de\/programmbeirat-von-arte-deutschland\/\" target=\"_blank\">Programmbeirat<\/a> Deutschland, Staatssekret\u00e4r a. D.<br \/>\n&#x25b6;\ufe0e 0:51:50 BESCHWERDE: \u201cZDF Magazin Royale\u201d vom <a href=\"https:\/\/www.zdf.de\/video\/shows\/zdf-magazin-royale-102\/zdf-magazin-royale-vom-21-november-2025-100\" target=\"_blank\">21.11.2025<\/a><br \/>\nZusammenfassung der Diskussion und Abstimmung im ZDF-Fernsehrat<br \/>\n<span style=\"font-size: 11pt; font-family: tahoma,arial,helvetica,sans-serif;\"><br \/>\n&#x25b6;\ufe0e 0:55:47 SATIRE-TIPP: <a href=\"https:\/\/de.wikipedia.org\/wiki\/Zwei_Tote_im_Sender_und_Don_Carlos_im_PoGl\" target=\"_blank\">\u201cZwei Tote im Sender und Don Carlos im PoGl\u201d<\/a><\/p>\n<div class=\"BorlabsCookie\">\n<div class=\"_brlbs-content-blocker\">\n<div class=\"_brlbs-embed _brlbs-video-youtube\"> <img decoding=\"async\" class=\"_brlbs-thumbnail\" src=\"https:\/\/www.wwwagner.tv\/wp-content\/plugins\/borlabs-cookie\/images\/cb-no-thumbnail.png\" alt=\"YouTube\"> <\/p>\n<div class=\"_brlbs-caption\">\n<p>Mit dem Laden des Videos akzeptieren Sie die Datenschutzerkl\u00e4rung von YouTube.<br \/><a href=\"https:\/\/policies.google.com\/privacy\" target=\"_blank\" rel=\"nofollow noopener noreferrer\">Mehr erfahren<\/a><\/p>\n<p><a class=\"_brlbs-btn _brlbs-icon-play-white\" href=\"#\" data-borlabs-cookie-unblock role=\"button\">Video laden<\/a><\/p>\n<p><label><input type=\"checkbox\" name=\"unblockAll\" value=\"1\" checked> <small>YouTube immer entsperren<\/small><\/label><\/p>\n<\/p><\/div>\n<\/p><\/div>\n<\/p><\/div>\n<div class=\"borlabs-hide\" data-borlabs-cookie-type=\"content-blocker\" data-borlabs-cookie-id=\"youtube\"><script type=\"text\/template\">PGlmcmFtZSB0aXRsZT0iWldFSSBUT1RFIElNIFNFTkRFUiBVTkQgRE9OIENBUkxPUyBJTSAmcXVvdDtQT0dMJnF1b3Q7IChaREYgMTk4MikiIHdpZHRoPSI2NDAiIGhlaWdodD0iNDgwIiBzcmM9Imh0dHBzOi8vd3d3LnlvdXR1YmUtbm9jb29raWUuY29tL2VtYmVkL080SDdIMFlKakhJP2ZlYXR1cmU9b2VtYmVkIiBmcmFtZWJvcmRlcj0iMCIgYWxsb3c9ImFjY2VsZXJvbWV0ZXI7IGF1dG9wbGF5OyBjbGlwYm9hcmQtd3JpdGU7IGVuY3J5cHRlZC1tZWRpYTsgZ3lyb3Njb3BlOyBwaWN0dXJlLWluLXBpY3R1cmU7IHdlYi1zaGFyZSIgcmVmZXJyZXJwb2xpY3k9InN0cmljdC1vcmlnaW4td2hlbi1jcm9zcy1vcmlnaW4iIGFsbG93ZnVsbHNjcmVlbj48L2lmcmFtZT4=<\/script><\/div>\n<\/div>\n<p><span style=\"font-size: 11pt; font-family: tahoma,arial,helvetica,sans-serif;\"><br \/>\n&#x25b6;\ufe0e 0:58:06 <strong>MOCKUMENTARY-TIPP 1: &#8222;Das Lachen ist nur aufgemalt&#8220; &#8211; Das Tagebuch eines Mainzelm\u00e4nnchens<\/strong><\/p>\n<div class=\"BorlabsCookie\">\n<div class=\"_brlbs-content-blocker\">\n<div class=\"_brlbs-embed _brlbs-video-youtube\"> <img decoding=\"async\" class=\"_brlbs-thumbnail\" src=\"https:\/\/www.wwwagner.tv\/wp-content\/plugins\/borlabs-cookie\/images\/cb-no-thumbnail.png\" alt=\"YouTube\"> <\/p>\n<div class=\"_brlbs-caption\">\n<p>Mit dem Laden des Videos akzeptieren Sie die Datenschutzerkl\u00e4rung von YouTube.<br \/><a href=\"https:\/\/policies.google.com\/privacy\" target=\"_blank\" rel=\"nofollow noopener noreferrer\">Mehr erfahren<\/a><\/p>\n<p><a class=\"_brlbs-btn _brlbs-icon-play-white\" href=\"#\" data-borlabs-cookie-unblock role=\"button\">Video laden<\/a><\/p>\n<p><label><input type=\"checkbox\" name=\"unblockAll\" value=\"1\" checked> <small>YouTube immer entsperren<\/small><\/label><\/p>\n<\/p><\/div>\n<\/p><\/div>\n<\/p><\/div>\n<div class=\"borlabs-hide\" data-borlabs-cookie-type=\"content-blocker\" data-borlabs-cookie-id=\"youtube\"><script type=\"text\/template\">PGlmcmFtZSB0aXRsZT0iJnF1b3Q7RGFzIExhY2hlbiBpc3QgbnVyIGF1ZmdlbWFsdCZxdW90OyAtIERhcyBUYWdlYnVjaCBlaW5lcyBNYWluemVsbcOkbm5jaGVucyIgd2lkdGg9IjY0MCIgaGVpZ2h0PSIzNjAiIHNyYz0iaHR0cHM6Ly93d3cueW91dHViZS1ub2Nvb2tpZS5jb20vZW1iZWQvR2NpY0VycmlTckU\/ZmVhdHVyZT1vZW1iZWQiIGZyYW1lYm9yZGVyPSIwIiBhbGxvdz0iYWNjZWxlcm9tZXRlcjsgYXV0b3BsYXk7IGNsaXBib2FyZC13cml0ZTsgZW5jcnlwdGVkLW1lZGlhOyBneXJvc2NvcGU7IHBpY3R1cmUtaW4tcGljdHVyZTsgd2ViLXNoYXJlIiByZWZlcnJlcnBvbGljeT0ic3RyaWN0LW9yaWdpbi13aGVuLWNyb3NzLW9yaWdpbiIgYWxsb3dmdWxsc2NyZWVuPjwvaWZyYW1lPg==<\/script><\/div>\n<\/div>\n<p>Die Serie \u201eLerchenberg\u201c gibt&#8217;s laut @helgez.bsky.social gerade im kostenlosen Streaming-Portal der \u00f6ffentlichen Bibliotheken.<br \/>\n<span style=\"font-size: 11pt; font-family: tahoma,arial,helvetica,sans-serif;\"><br \/>\n&#x25b6;\ufe0e 1:04:25 <strong>MOCKUMENTARY-TIPP 2: &#8222;\u00dcberlebensk\u00fcnstler der Tundra &#8211; Das sibirische Springbr\u00f6tchen&#8220;<\/strong><\/p>\n<div class=\"BorlabsCookie\">\n<div class=\"_brlbs-content-blocker\">\n<div class=\"_brlbs-embed _brlbs-video-youtube\"> <img decoding=\"async\" class=\"_brlbs-thumbnail\" src=\"https:\/\/www.wwwagner.tv\/wp-content\/plugins\/borlabs-cookie\/images\/cb-no-thumbnail.png\" alt=\"YouTube\"> <\/p>\n<div class=\"_brlbs-caption\">\n<p>Mit dem Laden des Videos akzeptieren Sie die Datenschutzerkl\u00e4rung von YouTube.<br \/><a href=\"https:\/\/policies.google.com\/privacy\" target=\"_blank\" rel=\"nofollow noopener noreferrer\">Mehr erfahren<\/a><\/p>\n<p><a class=\"_brlbs-btn _brlbs-icon-play-white\" href=\"#\" data-borlabs-cookie-unblock role=\"button\">Video laden<\/a><\/p>\n<p><label><input type=\"checkbox\" name=\"unblockAll\" value=\"1\" checked> <small>YouTube immer entsperren<\/small><\/label><\/p>\n<\/p><\/div>\n<\/p><\/div>\n<\/p><\/div>\n<div class=\"borlabs-hide\" data-borlabs-cookie-type=\"content-blocker\" data-borlabs-cookie-id=\"youtube\"><script type=\"text\/template\">PGlmcmFtZSB0aXRsZT0iw5xiZXJsZWJlbnNrw7xuc3RsZXIgZGVyIFR1bmRyYSAtIERhcyBzaWJpcmlzY2hlIFNwcmluZ2Jyw7Z0Y2hlbiIgd2lkdGg9IjY0MCIgaGVpZ2h0PSIzNjAiIHNyYz0iaHR0cHM6Ly93d3cueW91dHViZS1ub2Nvb2tpZS5jb20vZW1iZWQvT3ZLZFZuWlE4WlE\/ZmVhdHVyZT1vZW1iZWQiIGZyYW1lYm9yZGVyPSIwIiBhbGxvdz0iYWNjZWxlcm9tZXRlcjsgYXV0b3BsYXk7IGNsaXBib2FyZC13cml0ZTsgZW5jcnlwdGVkLW1lZGlhOyBneXJvc2NvcGU7IHBpY3R1cmUtaW4tcGljdHVyZTsgd2ViLXNoYXJlIiByZWZlcnJlcnBvbGljeT0ic3RyaWN0LW9yaWdpbi13aGVuLWNyb3NzLW9yaWdpbiIgYWxsb3dmdWxsc2NyZWVuPjwvaWZyYW1lPg==<\/script><\/div>\n<\/div>\n<p><span style=\"font-size: 11pt; font-family: tahoma,arial,helvetica,sans-serif;\"><br \/>\n&#x25b6;\ufe0e 1:09:00 <strong>POST<\/strong><br \/>\nRadiotipp von @Grieskram84: &#8222;Zeitfragen Feature&#8220; des DLF <a href=\"https:\/\/www.deutschlandfunkkultur.de\/die-stimmen-amerikas-verstummen-community-radios-in-den-usa-100.html\" target=\"_blank\">Doku<\/a> \u00fcber Community Radios in den USA und wie diese durch die Trump-Regierung Gefahr laufen, zu verstummen. Und: Was diese Community Radios gesellschaftlich leisten.<br \/>\n<span style=\"font-size: 11pt; font-family: tahoma,arial,helvetica,sans-serif;\"><br \/>\n&#x25b6;\ufe0e 1:17:58 <strong>BONUS<\/strong><br \/>\nPressekonferenz nach der 5. Sitzung des Fernsehrates in der XVI. Amtsperiode zum Tagesordnungspunkt 5 &#8222;Wahl des Intendanten \/ der Intendantin&#8220;<br \/>\nMarlehn Thieme, Vorsitzende des ZDF-Fernsehrates<br \/>\nDr. Norbert Himmler, ZDF-Programmdirektor und neuer ZDF-Intendant ab 15.03.2022<br \/>\nAlexander Stock, Leiter der Hauptabteilung Kommunikation im ZDF<br \/>\nPressevertreterinnen und -vertreter<br \/>\nRheingoldhalle, Mainz, 02.07.2021, 13.24 Uhr<br \/>\n&#x25b6;\ufe0e 1:42:58 Vergessen Sie nicht \u2026<\/p>\n<p><span style=\"font-size: 11pt; font-family: tahoma,arial,helvetica,sans-serif;\"><br \/>\n*****<br \/>\nDisclaimer: Musik und Animationen sind KI-generiert. Ausnahmen siehe hier:<br \/>\n<span style=\"font-size: 11pt; font-family: tahoma,arial,helvetica,sans-serif;\"><br \/>\n*****<br \/>\nStationvoice : Lydia Drechsler; <a href=\"https:\/\/www.kr\u00e4uterbl\u00fctenliebe.de\/\" target=\"_blank\">https:\/\/www.kr\u00e4uterbl\u00fctenliebe.de\/<\/a><br \/>\nSounddesign: William Wienke; <a href=\"https:\/\/william-guitar.de\/\" target=\"_blank\">https:\/\/william-guitar.de\/<\/a><br \/>\nCover: Ingo R\u00f6mling; <a href=\"https:\/\/www.monozelle.de\/\" target=\"_blank\">https:\/\/www.monozelle.de\/<\/a><br \/>\nHosts: Philipp Nitzsche und J\u00f6rg Wagner<br \/>\nPost: post [\u00e4tt] medienhoelle [p\u00fcnktchen] de<br \/>\n<span style=\"font-size: 11pt; font-family: tahoma,arial,helvetica,sans-serif;\"><br \/>\n*****<br \/>\n\u25ba\u25ba SUPPORT gern via Medienh\u00f6llen-<a href=\"https:\/\/www.paypal.com\/paypalme\/antenneerden\" target=\"_blank\">Kasse<\/a>:<br \/>\n<span style=\"font-size: 11pt; font-family: tahoma,arial,helvetica,sans-serif;\"><br \/>\n\u25ba\u25baODER PER BANK\u00dcBERWEISUNG:<br \/>\nJ\u00f6rg Wagner Freier Journalist<br \/>\nIBAN: DE93500105176000318805<br \/>\nBIC: INGDDEFFXXX<br \/>\nVerwendungszweck: SPENDE JW<br \/>\n*****<\/p>\n<div style=\"height: 20px;\"><\/div>\n<hr \/>\n<div style=\"height: 5px;\"><\/div>\n<p><html><br \/>\n     <head><\/p>\n<style type=\"text\/css\">\n       body {\n                     background: #DADADA;\n       }\n      <\/style>\n<p>     <\/head><br \/>\n     <body><br \/>\n<\/body><br \/>\n    <\/html><\/span><\/span><br \/>\n<\/span><\/span><\/span><\/span><\/span><\/span><\/span><\/span><\/span><\/span><\/span><\/span><\/p>\n","protected":false},"excerpt":{"rendered":"<p>* via spotify * via Apple PodCasts * via Amazonmusic Mit dem Laden des Videos akzeptieren Sie die Datenschutzerkl\u00e4rung von YouTube.Mehr erfahren Video laden YouTube immer entsperren Episode #010: ZDF-FERNSEHRAT: WAHL UND AUSSPRACHE rec.: 14.03.2026 (ver\u00f6ffentlicht: 15.03.2026, 21:45 Uhr) &#x25b6;\ufe0e 0:00:00 INTRO: Intendanten-Wahl beim ZDF Quelle: ZDF heute XPress, 13.03.2026 &#x25b6;\ufe0e 0:05:43 FEHLERDISKUSSION: Falsche Bilder [&hellip;]<\/p>\n","protected":false},"author":2,"featured_media":0,"comment_status":"closed","ping_status":"open","sticky":false,"template":"","format":"standard","meta":{"_monsterinsights_skip_tracking":false,"_monsterinsights_sitenote_active":false,"_monsterinsights_sitenote_note":"","_monsterinsights_sitenote_category":0,"footnotes":""},"categories":[4],"tags":[517,50],"class_list":["post-55117","post","type-post","status-publish","format-standard","hentry","category-medienmagazin","tag-fernsehrat","tag-zdf"],"_links":{"self":[{"href":"https:\/\/www.wwwagner.tv\/index.php?rest_route=\/wp\/v2\/posts\/55117","targetHints":{"allow":["GET"]}}],"collection":[{"href":"https:\/\/www.wwwagner.tv\/index.php?rest_route=\/wp\/v2\/posts"}],"about":[{"href":"https:\/\/www.wwwagner.tv\/index.php?rest_route=\/wp\/v2\/types\/post"}],"author":[{"embeddable":true,"href":"https:\/\/www.wwwagner.tv\/index.php?rest_route=\/wp\/v2\/users\/2"}],"replies":[{"embeddable":true,"href":"https:\/\/www.wwwagner.tv\/index.php?rest_route=%2Fwp%2Fv2%2Fcomments&post=55117"}],"version-history":[{"count":7,"href":"https:\/\/www.wwwagner.tv\/index.php?rest_route=\/wp\/v2\/posts\/55117\/revisions"}],"predecessor-version":[{"id":55129,"href":"https:\/\/www.wwwagner.tv\/index.php?rest_route=\/wp\/v2\/posts\/55117\/revisions\/55129"}],"wp:attachment":[{"href":"https:\/\/www.wwwagner.tv\/index.php?rest_route=%2Fwp%2Fv2%2Fmedia&parent=55117"}],"wp:term":[{"taxonomy":"category","embeddable":true,"href":"https:\/\/www.wwwagner.tv\/index.php?rest_route=%2Fwp%2Fv2%2Fcategories&post=55117"},{"taxonomy":"post_tag","embeddable":true,"href":"https:\/\/www.wwwagner.tv\/index.php?rest_route=%2Fwp%2Fv2%2Ftags&post=55117"}],"curies":[{"name":"wp","href":"https:\/\/api.w.org\/{rel}","templated":true}]}}