{"id":608,"date":"2010-05-29T12:10:03","date_gmt":"2010-05-29T10:10:03","guid":{"rendered":"http:\/\/www.wwwagner.tv\/?p=608"},"modified":"2012-12-28T14:23:24","modified_gmt":"2012-12-28T13:23:24","slug":"medienmagazin-vom-29052010","status":"publish","type":"post","link":"https:\/\/www.wwwagner.tv\/?p=608","title":{"rendered":"Medienmagazin vom 29.05.2010"},"content":{"rendered":"<p><object classid=\"clsid:d27cdb6e-ae6d-11cf-96b8-444553540000\" width=\"600\" height=\"365\" codebase=\"http:\/\/download.macromedia.com\/pub\/shockwave\/cabs\/flash\/swflash.cab#version=6,0,40,0\"><param name=\"data\" value=\"http:\/\/www.youtube.com\/v\/3ka8jpzqYtY&amp;hl=de_DE&amp;fs=1&amp;rel=0&amp;color1=0xe1600f&amp;color2=0xfebd01\" \/><param name=\"allowFullScreen\" value=\"true\" \/><param name=\"allowscriptaccess\" value=\"always\" \/><param name=\"src\" value=\"http:\/\/www.youtube.com\/v\/3ka8jpzqYtY&amp;hl=de_DE&amp;fs=1&amp;rel=0&amp;color1=0xe1600f&amp;color2=0xfebd01\" \/><param name=\"allowfullscreen\" value=\"true\" \/><embed type=\"application\/x-shockwave-flash\" width=\"600\" height=\"365\" src=\"http:\/\/www.youtube.com\/v\/3ka8jpzqYtY&amp;hl=de_DE&amp;fs=1&amp;rel=0&amp;color1=0xe1600f&amp;color2=0xfebd01\" allowscriptaccess=\"always\" allowfullscreen=\"true\" data=\"http:\/\/www.youtube.com\/v\/3ka8jpzqYtY&amp;hl=de_DE&amp;fs=1&amp;rel=0&amp;color1=0xe1600f&amp;color2=0xfebd01\"><\/embed><\/object><\/p>\n<div style=\"height:10px;\"><\/div>\n<p><strong>0) Intro:<\/strong><em> &#8222;Hallo! Hallo! Hallo! &#8211; Ich h\u00f6r wieder nichts!&#8220;<\/em><\/p>\n<p><a href=\"http:\/\/www.wwwagner.tv\/wp-content\/uploads\/20100528_meyer_landrut_lena.jpg\"><img loading=\"lazy\" decoding=\"async\" class=\"alignnone size-full wp-image-684\" title=\"20100528_meyer_landrut_lena\" src=\"http:\/\/www.wwwagner.tv\/wp-content\/uploads\/20100528_meyer_landrut_lena.jpg\" alt=\"20100528_meyer_landrut_lena\" width=\"300\" height=\"200\" \/><\/a><br \/>\nO-Ton aus der &#8222;TV Total&#8220;-Ausgabe Freitagnacht vor dem Eurovision Song Contest, Stefan Raab und Lena Meyer-Landrut (Quelle: ProSieben, 28.05.2010)<\/p>\n<p><em>&#8222;Stefan Raab und die deutsche ESC-Kandidatin Lena heute Nacht. Der Gesang Backstage l\u00e4sst hoffen, nun muss sich Lena nur noch h\u00f6ren.&#8220;<\/em><\/p>\n<p>(Foto: ProSieben)<\/p>\n<p> <audio   controls > <source src=\"http:\/\/download.radioeins.de\/mp3\/medienmagazin\/mm20100529_0.mp3\" type='audio\/mpeg' \/> <object   type=\"application\/x-shockwave-flash\"  data=\"https:\/\/www.wwwagner.tv\/wp-content\/plugins\/wphtml5player\/inc\/flowplayer.swf\"  width=\"400\"  height=\"30\"> <param name=\"movie\" value='https:\/\/www.wwwagner.tv\/wp-content\/plugins\/wphtml5player\/inc\/flowplayer.swf' \/><param name=\"allowfullscreen\" value='false' \/><param name=\"cachebusting\" value='true' \/><param name=\"bgcolor\" value='#000000' \/><param name=\"flashvars\" value='config={\"plugins\":{\"controls\":{\"height\":30,\"autoHide\":false,\"fullscreen\":false}},\"clip\":{\"autoPlay\":false,\"url\":\"http:\\\/\\\/download.radioeins.de\\\/mp3\\\/medienmagazin\\\/mm20100529_0.mp3\"},\"playlist\":[{\"autoPlay\":false,\"url\":\"http:\\\/\\\/download.radioeins.de\\\/mp3\\\/medienmagazin\\\/mm20100529_0.mp3\"}],\"play\":{\"opacity\":0}}' \/>  No audio playback capabilities, please download the audio below<br \/><strong>Download Audio:<\/strong> Closed Format: <a href=\"http:\/\/download.radioeins.de\/mp3\/medienmagazin\/mm20100529_0.mp3\">MP3<\/a> <\/object> <!-- Generated by HTML5 Multimedia Framework (http:\/\/code.google.com\/p\/html5videoplayer) --> <\/audio>  <br \/>\n<a href=\"http:\/\/download.radioeins.de\/mp3\/medienmagazin\/mm20100529_0.mp3\" target=\"_blank\">Download<\/a><\/p>\n<p style=\"text-align: left;\">\n<p style=\"text-align: left;\">\n<div style=\"height:10px;\"><\/div>\n<p style=\"text-align: left;\"><strong>1) \u00dcberlebenskonzept: iPad &#8211; Hoffnungstr\u00e4ger der Verlage in Deutschland gestartet<\/strong><\/p>\n<p style=\"text-align: left;\"><em>&#8222;Wir machen uns eigentlich weniger Sorgen um das \u00dcberleben der Papierzeitung, als es Au\u00dfen oft den Anschein hat.&#8220;<\/em><\/p>\n<p style=\"text-align: left;\"><a href=\"http:\/\/www.wwwagner.tv\/wp-content\/uploads\/bildschirmfoto-2010-05-29-um-024952.png\"><\/a><a href=\"http:\/\/www.wwwagner.tv\/wp-content\/uploads\/20100528_otte_romanus_300.jpg\"><img loading=\"lazy\" decoding=\"async\" class=\"alignnone size-full wp-image-651\" title=\"20100528_otte_romanus_300\" src=\"http:\/\/www.wwwagner.tv\/wp-content\/uploads\/20100528_otte_romanus_300.jpg\" alt=\"20100528_otte_romanus_300\" width=\"300\" height=\"200\" \/><\/a><\/p>\n<p style=\"text-align: left;\">Interview mit Romanus Otte, General Manager <em>WELT Online<\/em> der <em>WELT<\/em>-Gruppe, die eine neue Zeitschrift (<a href=\"http:\/\/theiconist.de\/\" target=\"_blank\"><em>The ICONIST<\/em><\/a>) speziell f\u00fcr das iPad ver\u00f6ffentlichte. (hier um ca. 10 min. l\u00e4nger als die Sendefassung!)<\/p>\n<p style=\"text-align: left;\">(Foto: Christian Garrels)<\/p>\n<p> <audio   controls > <source src=\"http:\/\/download.radioeins.de\/mp3\/medienmagazin\/mm20100529_1.mp3\" type='audio\/mpeg' \/> <object   type=\"application\/x-shockwave-flash\"  data=\"https:\/\/www.wwwagner.tv\/wp-content\/plugins\/wphtml5player\/inc\/flowplayer.swf\"  width=\"400\"  height=\"30\"> <param name=\"movie\" value='https:\/\/www.wwwagner.tv\/wp-content\/plugins\/wphtml5player\/inc\/flowplayer.swf' \/><param name=\"allowfullscreen\" value='false' \/><param name=\"cachebusting\" value='true' \/><param name=\"bgcolor\" value='#000000' \/><param name=\"flashvars\" value='config={\"plugins\":{\"controls\":{\"height\":30,\"autoHide\":false,\"fullscreen\":false}},\"clip\":{\"autoPlay\":false,\"url\":\"http:\\\/\\\/download.radioeins.de\\\/mp3\\\/medienmagazin\\\/mm20100529_1.mp3\"},\"playlist\":[{\"autoPlay\":false,\"url\":\"http:\\\/\\\/download.radioeins.de\\\/mp3\\\/medienmagazin\\\/mm20100529_1.mp3\"}],\"play\":{\"opacity\":0}}' \/>  No audio playback capabilities, please download the audio below<br \/><strong>Download Audio:<\/strong> Closed Format: <a href=\"http:\/\/download.radioeins.de\/mp3\/medienmagazin\/mm20100529_1.mp3\">MP3<\/a> <\/object> <!-- Generated by HTML5 Multimedia Framework (http:\/\/code.google.com\/p\/html5videoplayer) --> <\/audio>  <br \/>\n<a href=\"http:\/\/download.radioeins.de\/mp3\/medienmagazin\/mm20100529_1.mp3\" target=\"_blank\">Download<\/a><\/p>\n<div style=\"height:10px;\"><\/div>\n<p style=\"text-align: left;\"><strong>2) \u00dcberlebenskonzept: Lokales \u2013 wertvoller denn je<\/strong><\/p>\n<p style=\"text-align: left;\"><em>&#8222;Das Konzept der Zukunft wird darin liegen, dass man eine Zeitung auch sehr stark regionalisieren muss.&#8220;<\/em><strong><br \/>\n<\/strong><\/p>\n<p><a href=\"http:\/\/www.wwwagner.tv\/wp-content\/uploads\/20100528_augustin_hartmut.jpg\"><img loading=\"lazy\" decoding=\"async\" class=\"size-full wp-image-609 alignnone\" title=\"20100528_augustin_hartmut\" src=\"http:\/\/www.wwwagner.tv\/wp-content\/uploads\/20100528_augustin_hartmut.jpg\" alt=\"Hartmut Augustin noch in Berlin\" width=\"300\" height=\"200\" \/><\/a><\/p>\n<p style=\"text-align: left;\">Interview mit Hartmut Augustin, Lokalchef der <a href=\"http:\/\/www.berlinonline.de\/berliner-zeitung\/\" target=\"_blank\"><em>Berliner Zeitung<\/em><\/a>, wechselt am 01.06.2010 auf die Chefredakteursposition der <a href=\"http:\/\/www.mz-web.de\/servlet\/ContentServer?pagename=ksta\/page&amp;atype=Page&amp;aid=987490165154&amp;openMenu=987490165154\" target=\"_blank\"><em>Mitteldeutschen Zeitung<\/em><\/a><\/p>\n<p>(Foto: J\u00f6rg Wagner)<\/p>\n<p> <audio   controls > <source src=\"http:\/\/download.radioeins.de\/mp3\/medienmagazin\/mm20100529_2.mp3\" type='audio\/mpeg' \/> <object   type=\"application\/x-shockwave-flash\"  data=\"https:\/\/www.wwwagner.tv\/wp-content\/plugins\/wphtml5player\/inc\/flowplayer.swf\"  width=\"400\"  height=\"30\"> <param name=\"movie\" value='https:\/\/www.wwwagner.tv\/wp-content\/plugins\/wphtml5player\/inc\/flowplayer.swf' \/><param name=\"allowfullscreen\" value='false' \/><param name=\"cachebusting\" value='true' \/><param name=\"bgcolor\" value='#000000' \/><param name=\"flashvars\" value='config={\"plugins\":{\"controls\":{\"height\":30,\"autoHide\":false,\"fullscreen\":false}},\"clip\":{\"autoPlay\":false,\"url\":\"http:\\\/\\\/download.radioeins.de\\\/mp3\\\/medienmagazin\\\/mm20100529_2.mp3\"},\"playlist\":[{\"autoPlay\":false,\"url\":\"http:\\\/\\\/download.radioeins.de\\\/mp3\\\/medienmagazin\\\/mm20100529_2.mp3\"}],\"play\":{\"opacity\":0}}' \/>  No audio playback capabilities, please download the audio below<br \/><strong>Download Audio:<\/strong> Closed Format: <a href=\"http:\/\/download.radioeins.de\/mp3\/medienmagazin\/mm20100529_2.mp3\">MP3<\/a> <\/object> <!-- Generated by HTML5 Multimedia Framework (http:\/\/code.google.com\/p\/html5videoplayer) --> <\/audio>  <br \/>\n<a href=\"http:\/\/download.radioeins.de\/mp3\/medienmagazin\/mm20100529_2.mp3\" target=\"_blank\">Download<\/a><\/p>\n<div style=\"height:10px;\"><\/div>\n<p><strong>TV-Tipp: &#8222;24 Stunden S\u00dcDARFRIKA&#8220;<\/strong><\/p>\n<p><strong><a href=\"http:\/\/www.wwwagner.tv\/wp-content\/uploads\/24hafrika_zdf.jpg\"><img loading=\"lazy\" decoding=\"async\" class=\"alignnone size-full wp-image-703\" title=\"24hafrika_zdf\" src=\"http:\/\/www.wwwagner.tv\/wp-content\/uploads\/24hafrika_zdf.jpg\" alt=\"24hafrika_zdf\" width=\"300\" height=\"200\" \/><\/a><\/strong><\/p>\n<p>Am 05.06.2010 ab 6 Uhr zeigt der ZDF Infokanal eine 24h-Reportage \u00fcber S\u00fcdafrika. Im Medienmagazin an diesem Tage wird zeitgleich \u00fcber dieses Gro\u00dfprojekt, die l\u00e4ngste und umfangreichste Afrika-Reportage zu berichten sein. Mehr auf <a href=\"http:\/\/www.facebook.com\/24stunden\" target=\"_blank\">facebook<\/a> und bei <a href=\"http:\/\/infokanal.zdf.de\/ZDFde\/inhalt\/15\/0,1872,8068975,00.html?dr=1\" target=\"_blank\">zdf.de<\/a>.<\/p>\n<p> <audio   controls > <source src=\"http:\/\/download.radioeins.de\/mp3\/medienmagazin\/mm20100529_t.mp3\" type='audio\/mpeg' \/> <object   type=\"application\/x-shockwave-flash\"  data=\"https:\/\/www.wwwagner.tv\/wp-content\/plugins\/wphtml5player\/inc\/flowplayer.swf\"  width=\"400\"  height=\"30\"> <param name=\"movie\" value='https:\/\/www.wwwagner.tv\/wp-content\/plugins\/wphtml5player\/inc\/flowplayer.swf' \/><param name=\"allowfullscreen\" value='false' \/><param name=\"cachebusting\" value='true' \/><param name=\"bgcolor\" value='#000000' \/><param name=\"flashvars\" value='config={\"plugins\":{\"controls\":{\"height\":30,\"autoHide\":false,\"fullscreen\":false}},\"clip\":{\"autoPlay\":false,\"url\":\"http:\\\/\\\/download.radioeins.de\\\/mp3\\\/medienmagazin\\\/mm20100529_t.mp3\"},\"playlist\":[{\"autoPlay\":false,\"url\":\"http:\\\/\\\/download.radioeins.de\\\/mp3\\\/medienmagazin\\\/mm20100529_t.mp3\"}],\"play\":{\"opacity\":0}}' \/>  No audio playback capabilities, please download the audio below<br \/><strong>Download Audio:<\/strong> Closed Format: <a href=\"http:\/\/download.radioeins.de\/mp3\/medienmagazin\/mm20100529_t.mp3\">MP3<\/a> <\/object> <!-- Generated by HTML5 Multimedia Framework (http:\/\/code.google.com\/p\/html5videoplayer) --> <\/audio>  <br \/>\n<a href=\"http:\/\/download.radioeins.de\/mp3\/medienmagazin\/mm20100529_t.mp3\" target=\"_blank\">Download<\/a><\/p>\n<div style=\"height:10px;\"><\/div>\n<p><strong>3) 60 Jahre ARD: 20 Jahre Rundfunkfreiheit im Osten<\/strong><\/p>\n<p><em>&#8222;Der Artikel 36 ist eine Geschichte, die zwischen Lothar de Maizi\u00e8re und Wolfgang Sch\u00e4uble verabredet wurde.&#8220;<\/em><strong><br \/>\n<\/strong><\/p>\n<p style=\"text-align: left;\"><a href=\"http:\/\/www.wwwagner.tv\/wp-content\/uploads\/20100309_tichy_roland.jpg\"><img loading=\"lazy\" decoding=\"async\" class=\"alignnone size-full wp-image-611\" title=\"20100309_tichy_roland\" src=\"http:\/\/www.wwwagner.tv\/wp-content\/uploads\/20100309_tichy_roland.jpg\" alt=\"20100309_tichy_roland\" width=\"300\" height=\"200\" \/><\/a><\/p>\n<p style=\"text-align: left;\">Interview mit Roland Tichy, damals mit Rudolf M\u00fchlfenzl f\u00fcr die Abwicklung des DDR-H\u00f6r- und Fernsehfunks zust\u00e4ndig, heute Chefredakteur der Wirtschaftswoche \u00fcber den Aufbau f\u00f6deraler Rundfunk-Strukturen in den Neuen L\u00e4ndern. (hier um ca. 5 Minuten l\u00e4nger als die Sendefassung<\/p>\n<p style=\"text-align: left;\">(Foto: Bayerischer Rundfunk)<\/p>\n<p style=\"text-align: left;\">Literaturtipp:<a href=\"http:\/\/www.buecher.de\/shop\/buecher\/einigkeit-und-recht-und-freiheit\/lojewski-guenter-von\/products_products\/detail\/prod_id\/09276265\/\" target=\"_blank\"><br \/>\n&#8222;Einigkeit und Recht und Freiheit&#8220;<\/a> von G\u00fcnther von Lojewski<br \/>\n<a href=\"http:\/\/www.amazon.de\/Deutschland-einig-Rundfunkland-Roland-Tichy\/dp\/3889272606\" target=\"_blank\">&#8222;Deutschland einig Rundfunkland?<\/a> Eine Dokumentation zur  Wiedervereinigung des deutschen Rundfunksystems 1989-1991&#8243; Hrsg. Sylivia Dietl\/ Roland Tichy<\/p>\n<p> <audio   controls > <source src=\"http:\/\/download.radioeins.de\/mp3\/medienmagazin\/mm20100529_3.mp3\" type='audio\/mpeg' \/> <object   type=\"application\/x-shockwave-flash\"  data=\"https:\/\/www.wwwagner.tv\/wp-content\/plugins\/wphtml5player\/inc\/flowplayer.swf\"  width=\"400\"  height=\"30\"> <param name=\"movie\" value='https:\/\/www.wwwagner.tv\/wp-content\/plugins\/wphtml5player\/inc\/flowplayer.swf' \/><param name=\"allowfullscreen\" value='false' \/><param name=\"cachebusting\" value='true' \/><param name=\"bgcolor\" value='#000000' \/><param name=\"flashvars\" value='config={\"plugins\":{\"controls\":{\"height\":30,\"autoHide\":false,\"fullscreen\":false}},\"clip\":{\"autoPlay\":false,\"url\":\"http:\\\/\\\/download.radioeins.de\\\/mp3\\\/medienmagazin\\\/mm20100529_3.mp3\"},\"playlist\":[{\"autoPlay\":false,\"url\":\"http:\\\/\\\/download.radioeins.de\\\/mp3\\\/medienmagazin\\\/mm20100529_3.mp3\"}],\"play\":{\"opacity\":0}}' \/>  No audio playback capabilities, please download the audio below<br \/><strong>Download Audio:<\/strong> Closed Format: <a href=\"http:\/\/download.radioeins.de\/mp3\/medienmagazin\/mm20100529_3.mp3\">MP3<\/a> <\/object> <!-- Generated by HTML5 Multimedia Framework (http:\/\/code.google.com\/p\/html5videoplayer) --> <\/audio>  <br \/>\n<a href=\"http:\/\/download.radioeins.de\/mp3\/medienmagazin\/mm20100529_3.mp3\" target=\"_blank\">Download<\/a><\/p>\n<p style=\"text-align: left;\">\n<div style=\"height:10px;\"><\/div>\n<p><strong>4) 30 Jahre CNN: \u201cworldwide leader in news\u201d<\/strong><\/p>\n<p style=\"text-align: left;\">&#8222;Am Anfang war es so, dass CNN &#8218;the Chicken Noodle Network&#8216; genannt wurde.&#8220;<strong><br \/>\n<\/strong><\/p>\n<p style=\"text-align: left;\"><a href=\"http:\/\/www.wwwagner.tv\/wp-content\/uploads\/20030913_meyer_michael_300.jpg\"><img loading=\"lazy\" decoding=\"async\" class=\"alignnone size-full wp-image-626\" title=\"20030913_meyer_michael_300\" src=\"http:\/\/www.wwwagner.tv\/wp-content\/uploads\/20030913_meyer_michael_300.jpg\" alt=\"20030913_meyer_michael_300\" width=\"300\" height=\"200\" \/><\/a><\/p>\n<p style=\"text-align: left;\">Am 1. Juni 1980 ging das erste 24h-Nachrichtenfernsehen der Welt <a href=\"http:\/\/edition.cnn.com\/\" target=\"_blank\">Cable News Network<\/a> auf Sendung. Doch der Durchbruch kam erst mit dem Golfkrieg 1990\/91. Studiogespr\u00e4ch mit O-T\u00f6nen: Sendestart mit Ted Turner, damals CNN-Chef (Quelle: CNN, 01.06.1980); Tony Maddocks, Chef von CNN International; Peter Arnett, CNN-Reporter in einer Live-Reportage aus Bagdad (Quelle: CNN, 1991); Jim Clancy, CNN-Reporter<br \/>\nAutor: Michael Meyer (Foto)<\/p>\n<p style=\"text-align: left;\">(Foto: J\u00f6rg Wagner)<\/p>\n<p> <audio   controls > <source src=\"http:\/\/download.radioeins.de\/mp3\/medienmagazin\/mm20100529_4.mp3\" type='audio\/mpeg' \/> <object   type=\"application\/x-shockwave-flash\"  data=\"https:\/\/www.wwwagner.tv\/wp-content\/plugins\/wphtml5player\/inc\/flowplayer.swf\"  width=\"400\"  height=\"30\"> <param name=\"movie\" value='https:\/\/www.wwwagner.tv\/wp-content\/plugins\/wphtml5player\/inc\/flowplayer.swf' \/><param name=\"allowfullscreen\" value='false' \/><param name=\"cachebusting\" value='true' \/><param name=\"bgcolor\" value='#000000' \/><param name=\"flashvars\" value='config={\"plugins\":{\"controls\":{\"height\":30,\"autoHide\":false,\"fullscreen\":false}},\"clip\":{\"autoPlay\":false,\"url\":\"http:\\\/\\\/download.radioeins.de\\\/mp3\\\/medienmagazin\\\/mm20100529_4.mp3\"},\"playlist\":[{\"autoPlay\":false,\"url\":\"http:\\\/\\\/download.radioeins.de\\\/mp3\\\/medienmagazin\\\/mm20100529_4.mp3\"}],\"play\":{\"opacity\":0}}' \/>  No audio playback capabilities, please download the audio below<br \/><strong>Download Audio:<\/strong> Closed Format: <a href=\"http:\/\/download.radioeins.de\/mp3\/medienmagazin\/mm20100529_4.mp3\">MP3<\/a> <\/object> <!-- Generated by HTML5 Multimedia Framework (http:\/\/code.google.com\/p\/html5videoplayer) --> <\/audio>  <br \/>\n<a href=\"http:\/\/download.radioeins.de\/mp3\/medienmagazin\/mm20100529_4.mp3\" target=\"_blank\">Download<\/a><\/p>\n<div style=\"height:10px;\"><\/div>\n<p><strong>PodCast-Bonustrack:<\/strong><br \/>\nMedienmagazin vom 24.02.2001 und 03.03.2001<br \/>\nNationaler Grand-Prix-Ausscheid:<br \/>\nVom Schlagerwettbewerb zum Medienevent f\u00fcr Spa\u00dfv\u00f6gel<br \/>\nO-Ton: Zlatko beim ESC-Vorentscheid (Quelle: ARD, 02.03.2001)<br \/>\nTelefoninterview mit J\u00fcrgen Meier-Beer, NDR-Verantwortlicher f\u00fcr den Ausscheid; musikalische \u00dcbergabe an Anja Caspary mit ihrer Sendung &#8222;Radio Affair&#8220;<br \/>\nVgl.:<a href=\"http:\/\/eurovision.ndr.de\/geschichte\/hannover482.html\"> NDR-Seite zum ESC-Vorentscheid 2001<\/a><br \/>\n <audio   controls > <source src=\"http:\/\/download.radioeins.de\/mp3\/medienmagazin\/mm20100529_5.mp3\" type='audio\/mpeg' \/> <object   type=\"application\/x-shockwave-flash\"  data=\"https:\/\/www.wwwagner.tv\/wp-content\/plugins\/wphtml5player\/inc\/flowplayer.swf\"  width=\"400\"  height=\"30\"> <param name=\"movie\" value='https:\/\/www.wwwagner.tv\/wp-content\/plugins\/wphtml5player\/inc\/flowplayer.swf' \/><param name=\"allowfullscreen\" value='false' \/><param name=\"cachebusting\" value='true' \/><param name=\"bgcolor\" value='#000000' \/><param name=\"flashvars\" value='config={\"plugins\":{\"controls\":{\"height\":30,\"autoHide\":false,\"fullscreen\":false}},\"clip\":{\"autoPlay\":false,\"url\":\"http:\\\/\\\/download.radioeins.de\\\/mp3\\\/medienmagazin\\\/mm20100529_5.mp3\"},\"playlist\":[{\"autoPlay\":false,\"url\":\"http:\\\/\\\/download.radioeins.de\\\/mp3\\\/medienmagazin\\\/mm20100529_5.mp3\"}],\"play\":{\"opacity\":0}}' \/>  No audio playback capabilities, please download the audio below<br \/><strong>Download Audio:<\/strong> Closed Format: <a href=\"http:\/\/download.radioeins.de\/mp3\/medienmagazin\/mm20100529_5.mp3\">MP3<\/a> <\/object> <!-- Generated by HTML5 Multimedia Framework (http:\/\/code.google.com\/p\/html5videoplayer) --> <\/audio>  <br \/>\n<a href=\"http:\/\/download.radioeins.de\/mp3\/medienmagazin\/mm20100529_5.mp3\" target=\"_blank\">Download<\/a><\/p>\n<div style=\"height:10px;\"><\/div>\n<p>Kompletter PodCast<br \/>\n <audio   controls > <source src=\"http:\/\/download.radioeins.de\/mp3\/medienmagazin\/mm20100529.mp3\" type='audio\/mpeg' \/> <object   type=\"application\/x-shockwave-flash\"  data=\"https:\/\/www.wwwagner.tv\/wp-content\/plugins\/wphtml5player\/inc\/flowplayer.swf\"  width=\"400\"  height=\"30\"> <param name=\"movie\" value='https:\/\/www.wwwagner.tv\/wp-content\/plugins\/wphtml5player\/inc\/flowplayer.swf' \/><param name=\"allowfullscreen\" value='false' \/><param name=\"cachebusting\" value='true' \/><param name=\"bgcolor\" value='#000000' \/><param name=\"flashvars\" value='config={\"plugins\":{\"controls\":{\"height\":30,\"autoHide\":false,\"fullscreen\":false}},\"clip\":{\"autoPlay\":false,\"url\":\"http:\\\/\\\/download.radioeins.de\\\/mp3\\\/medienmagazin\\\/mm20100529.mp3\"},\"playlist\":[{\"autoPlay\":false,\"url\":\"http:\\\/\\\/download.radioeins.de\\\/mp3\\\/medienmagazin\\\/mm20100529.mp3\"}],\"play\":{\"opacity\":0}}' \/>  No audio playback capabilities, please download the audio below<br \/><strong>Download Audio:<\/strong> Closed Format: <a href=\"http:\/\/download.radioeins.de\/mp3\/medienmagazin\/mm20100529.mp3\">MP3<\/a> <\/object> <!-- Generated by HTML5 Multimedia Framework (http:\/\/code.google.com\/p\/html5videoplayer) --> <\/audio>  <br \/>\n<a href=\"http:\/\/download.radioeins.de\/mp3\/medienmagazin\/mm20100529.mp3\" target=\"_blank\">Download<\/a><\/p>\n<div style=\"height:10px;\"><\/div>\n<div style=\"height:250px;\"><\/div>\n","protected":false},"excerpt":{"rendered":"<p>0) Intro: &#8222;Hallo! Hallo! Hallo! &#8211; Ich h\u00f6r wieder nichts!&#8220; O-Ton aus der &#8222;TV Total&#8220;-Ausgabe Freitagnacht vor dem Eurovision Song Contest, Stefan Raab und Lena Meyer-Landrut (Quelle: ProSieben, 28.05.2010) &#8222;Stefan Raab und die deutsche ESC-Kandidatin Lena heute Nacht. Der Gesang Backstage l\u00e4sst hoffen, nun muss sich Lena nur noch h\u00f6ren.&#8220; (Foto: ProSieben) No audio playback [&hellip;]<\/p>\n","protected":false},"author":2,"featured_media":0,"comment_status":"open","ping_status":"open","sticky":false,"template":"","format":"standard","meta":{"_monsterinsights_skip_tracking":false,"_monsterinsights_sitenote_active":false,"_monsterinsights_sitenote_note":"","_monsterinsights_sitenote_category":0,"footnotes":""},"categories":[4],"tags":[22,23,25,24,20,21,609],"class_list":["post-608","post","type-post","status-publish","format-standard","hentry","category-medienmagazin","tag-artikel-36","tag-cnn","tag-esc","tag-grand-prix","tag-ipad","tag-print","tag-welt"],"_links":{"self":[{"href":"https:\/\/www.wwwagner.tv\/index.php?rest_route=\/wp\/v2\/posts\/608","targetHints":{"allow":["GET"]}}],"collection":[{"href":"https:\/\/www.wwwagner.tv\/index.php?rest_route=\/wp\/v2\/posts"}],"about":[{"href":"https:\/\/www.wwwagner.tv\/index.php?rest_route=\/wp\/v2\/types\/post"}],"author":[{"embeddable":true,"href":"https:\/\/www.wwwagner.tv\/index.php?rest_route=\/wp\/v2\/users\/2"}],"replies":[{"embeddable":true,"href":"https:\/\/www.wwwagner.tv\/index.php?rest_route=%2Fwp%2Fv2%2Fcomments&post=608"}],"version-history":[{"count":137,"href":"https:\/\/www.wwwagner.tv\/index.php?rest_route=\/wp\/v2\/posts\/608\/revisions"}],"predecessor-version":[{"id":19106,"href":"https:\/\/www.wwwagner.tv\/index.php?rest_route=\/wp\/v2\/posts\/608\/revisions\/19106"}],"wp:attachment":[{"href":"https:\/\/www.wwwagner.tv\/index.php?rest_route=%2Fwp%2Fv2%2Fmedia&parent=608"}],"wp:term":[{"taxonomy":"category","embeddable":true,"href":"https:\/\/www.wwwagner.tv\/index.php?rest_route=%2Fwp%2Fv2%2Fcategories&post=608"},{"taxonomy":"post_tag","embeddable":true,"href":"https:\/\/www.wwwagner.tv\/index.php?rest_route=%2Fwp%2Fv2%2Ftags&post=608"}],"curies":[{"name":"wp","href":"https:\/\/api.w.org\/{rel}","templated":true}]}}