{"id":6796,"date":"2011-04-10T00:50:06","date_gmt":"2011-04-09T23:50:06","guid":{"rendered":"http:\/\/www.wwwagner.tv\/?p=6796"},"modified":"2020-04-22T17:15:27","modified_gmt":"2020-04-22T15:15:27","slug":"reimers-ariane","status":"publish","type":"post","link":"https:\/\/www.wwwagner.tv\/?p=6796","title":{"rendered":"Reimers, Ariane"},"content":{"rendered":"<h4>Hanns-Joachim-Friedrichs-F\u00f6rderpreistr\u00e4gerin 2011<\/h4>\n<div style=\"height:10px;\"><\/div>\n<figure id=\"attachment_6797\" aria-describedby=\"caption-attachment-6797\" style=\"width: 600px\" class=\"wp-caption alignnone\"><img loading=\"lazy\" decoding=\"async\" src=\"https:\/\/www.wwwagner.tv\/wp-content\/uploads\/20110315_reimers_ariane_600.jpg\" alt=\"\" width=\"600\" height=\"336\" class=\"size-full wp-image-6797\" srcset=\"https:\/\/www.wwwagner.tv\/wp-content\/uploads\/20110315_reimers_ariane_600.jpg 600w, https:\/\/www.wwwagner.tv\/wp-content\/uploads\/20110315_reimers_ariane_600-300x168.jpg 300w\" sizes=\"auto, (max-width: 600px) 100vw, 600px\" \/><figcaption id=\"caption-attachment-6797\" class=\"wp-caption-text\">Ariane Reimers | Bildschirm-Foto: \u00a9 ARD, 15.03.2011<\/figcaption><\/figure>\n<div style=\"height:10px;\"><\/div>\n<blockquote><p><em>&#8222;Ich habe schon bei zwei anderen Tsunamis berichterstattet.&#8220;<\/em><\/p><\/blockquote>\n<div style=\"height:10px;\"><\/div>\n<p> <audio   controls > <source src=\"https:\/\/www.wwwagner.tv\/audio\/mm20110409_1.mp3\" type='audio\/mpeg' \/> <object   type=\"application\/x-shockwave-flash\"  data=\"https:\/\/www.wwwagner.tv\/wp-content\/plugins\/wphtml5player\/inc\/flowplayer.swf\"  width=\"400\"  height=\"30\"> <param name=\"movie\" value='https:\/\/www.wwwagner.tv\/wp-content\/plugins\/wphtml5player\/inc\/flowplayer.swf' \/><param name=\"allowfullscreen\" value='false' \/><param name=\"cachebusting\" value='true' \/><param name=\"bgcolor\" value='#000000' \/><param name=\"flashvars\" value='config={\"plugins\":{\"controls\":{\"height\":30,\"autoHide\":false,\"fullscreen\":false}},\"clip\":{\"autoPlay\":false,\"url\":\"https:\\\/\\\/www.wwwagner.tv\\\/audio\\\/mm20110409_1.mp3\"},\"playlist\":[{\"autoPlay\":false,\"url\":\"https:\\\/\\\/www.wwwagner.tv\\\/audio\\\/mm20110409_1.mp3\"}],\"play\":{\"opacity\":0}}' \/>  No audio playback capabilities, please download the audio below<br \/><strong>Download Audio:<\/strong> Closed Format: <a href=\"https:\/\/www.wwwagner.tv\/audio\/mm20110409_1.mp3\">MP3<\/a> <\/object> <!-- Generated by HTML5 Multimedia Framework (http:\/\/code.google.com\/p\/html5videoplayer) --> <\/audio>  <br \/>\n<a href=\"http:\/\/download.radioeins.de\/mp3\/medienmagazin\/mm20110409_1.mp3\" target=\"_blank\" rel=\"noopener noreferrer\">Download<\/a><\/p>\n<div style=\"height:10px;\"><\/div>\n<p><u>Wer<\/u>: Ariane Reimers, ARD-Korrespondentin, Peking<br \/>\n<u>Was<\/u>: Telefoninterview zur F\u00f6rderpreis-Verleihung<br \/>\n<u>Wann<\/u>: ver\u00f6ffentlicht im radioeins-Medienmagazin vom 09.04.2011<\/p>\n<div style=\"height:20px;\"><\/div>\n<blockquote><p><em>&#8222;Ihre Reportagen aus dem Norden Japans f\u00fcr Tagesschau und Tagesthemen geh\u00f6ren zum Besten, was das Fernsehen \u00fcber die Krise in Japan gesendet hat. Die pers\u00f6nlichen Eindr\u00fccke, die Ariane Reimers auf ihrer Reise durch die Tr\u00fcmmerw\u00fcste der Region gesammelt hat, die Begegnungen mit den Menschen im Schockzustand und die bedr\u00fcckenden Aufnahmen ihres Kamerateams haben den Fernsehzuschauern in Deutschland sowohl ein wirklichkeitsnahes Bild der \u00e4u\u00dferen Geschehnisse wie einen sensiblen Einblick in die seelische Verfassung der Opfer vermittelt. Die Jury zeichnet den Mut der Reporterin aus, sich f\u00fcr den Weg in diese unsichere Region entschieden zu haben. Ihre F\u00e4higkeit, zu sehen und zu h\u00f6ren und dar\u00fcber eindringlich zu berichten, ist ebenso au\u00dfergew\u00f6hnlich, wie ihre Weigerung, Klischees der Krisenberichterstattung zu bedienen.&#8220;<\/em> <\/p><\/blockquote>\n<p>(Verein zur Verleihung des Hanns-Joachim-Friedrichs-Preises f\u00fcr Fernsehjournalismus)<\/p>\n<div style=\"height:10px;\"><\/div>\n<p><u>Vgl<\/u>.:<br \/>\n* <a href=\"http:\/\/www.hanns-joachim-friedrichs.de\/index.php?page=new\">Hanns-Joachim-Friedrichs-Preis<\/a> Aktuell<br \/>\n*<a href=\"http:\/\/www.tagesschau.de\/ausland\/bebenjapan120.html\"> Videobeispiele<\/a> unter <em>tagesschau<\/em>.de<\/p>\n<div style=\"height:5px;\"><\/div>\n<div style=\"height: 10px;\"><\/div>\n<hr \/>\n<div style=\"height: 5px;\"><\/div>\n<p><html><br \/>\n     <head><\/p>\n<style type=\"text\/css\">\n       body {\n                     background: #DADADA;\n       }\n      <\/style>\n<p>     <\/head><br \/>\n     <body><br \/>\n<\/body><br \/>\n    <\/html><br \/>\n<script src=\"https:\/\/apis.google.com\/js\/plusone.js\" type=\"text\/javascript\">\/\/ < ![CDATA[ {lang: 'de'} \/\/ ]]><\/script><br \/>\n<script src=\"http:\/\/twittercounter.com\/embed\/?username=medienmagazin&amp;style=avatar\" type=\"text\/javascript\"><\/script><\/p>\n<p><noscript><a href=\"http:\/\/twittercounter.com\/medienmagazin\">medienmagazin on Twitter Counter<\/a><\/noscript><\/p>\n","protected":false},"excerpt":{"rendered":"<p>Hanns-Joachim-Friedrichs-F\u00f6rderpreistr\u00e4gerin 2011 &#8222;Ich habe schon bei zwei anderen Tsunamis berichterstattet.&#8220; No audio playback capabilities, please download the audio belowDownload Audio: Closed Format: MP3 Download Wer: Ariane Reimers, ARD-Korrespondentin, Peking Was: Telefoninterview zur F\u00f6rderpreis-Verleihung Wann: ver\u00f6ffentlicht im radioeins-Medienmagazin vom 09.04.2011 &#8222;Ihre Reportagen aus dem Norden Japans f\u00fcr Tagesschau und Tagesthemen geh\u00f6ren zum Besten, was das Fernsehen [&hellip;]<\/p>\n","protected":false},"author":2,"featured_media":0,"comment_status":"open","ping_status":"open","sticky":false,"template":"","format":"standard","meta":{"_monsterinsights_skip_tracking":false,"_monsterinsights_sitenote_active":false,"_monsterinsights_sitenote_note":"","_monsterinsights_sitenote_category":0,"footnotes":""},"categories":[114,119],"tags":[159,161,160,141],"class_list":["post-6796","post","type-post","status-publish","format-standard","hentry","category-a-z","category-r","tag-china","tag-hanns-joachim-friedrichs-preis","tag-japan","tag-krisenjournalismus"],"_links":{"self":[{"href":"https:\/\/www.wwwagner.tv\/index.php?rest_route=\/wp\/v2\/posts\/6796","targetHints":{"allow":["GET"]}}],"collection":[{"href":"https:\/\/www.wwwagner.tv\/index.php?rest_route=\/wp\/v2\/posts"}],"about":[{"href":"https:\/\/www.wwwagner.tv\/index.php?rest_route=\/wp\/v2\/types\/post"}],"author":[{"embeddable":true,"href":"https:\/\/www.wwwagner.tv\/index.php?rest_route=\/wp\/v2\/users\/2"}],"replies":[{"embeddable":true,"href":"https:\/\/www.wwwagner.tv\/index.php?rest_route=%2Fwp%2Fv2%2Fcomments&post=6796"}],"version-history":[{"count":21,"href":"https:\/\/www.wwwagner.tv\/index.php?rest_route=\/wp\/v2\/posts\/6796\/revisions"}],"predecessor-version":[{"id":46707,"href":"https:\/\/www.wwwagner.tv\/index.php?rest_route=\/wp\/v2\/posts\/6796\/revisions\/46707"}],"wp:attachment":[{"href":"https:\/\/www.wwwagner.tv\/index.php?rest_route=%2Fwp%2Fv2%2Fmedia&parent=6796"}],"wp:term":[{"taxonomy":"category","embeddable":true,"href":"https:\/\/www.wwwagner.tv\/index.php?rest_route=%2Fwp%2Fv2%2Fcategories&post=6796"},{"taxonomy":"post_tag","embeddable":true,"href":"https:\/\/www.wwwagner.tv\/index.php?rest_route=%2Fwp%2Fv2%2Ftags&post=6796"}],"curies":[{"name":"wp","href":"https:\/\/api.w.org\/{rel}","templated":true}]}}