{"id":7739,"date":"2011-05-25T02:05:30","date_gmt":"2011-05-25T01:05:30","guid":{"rendered":"http:\/\/www.wwwagner.tv\/?p=7739"},"modified":"2017-09-12T16:33:59","modified_gmt":"2017-09-12T15:33:59","slug":"merkel-angela","status":"publish","type":"post","link":"https:\/\/www.wwwagner.tv\/?p=7739","title":{"rendered":"Merkel, Angela"},"content":{"rendered":"<p><a href=\"http:\/\/www.wwwagner.tv\/wp-content\/uploads\/20110524_merkel_angela_600.jpg\"><img loading=\"lazy\" decoding=\"async\" src=\"http:\/\/www.wwwagner.tv\/wp-content\/uploads\/20110524_merkel_angela_600.jpg\" alt=\"\" title=\"20110524_merkel_angela_600\" width=\"600\" height=\"399\" class=\"alignnone size-full wp-image-7741\" srcset=\"https:\/\/www.wwwagner.tv\/wp-content\/uploads\/20110524_merkel_angela_600.jpg 600w, https:\/\/www.wwwagner.tv\/wp-content\/uploads\/20110524_merkel_angela_600-300x199.jpg 300w\" sizes=\"auto, (max-width: 600px) 100vw, 600px\" \/><\/a><\/p>\n<div style=\"height: 20px;\"><\/div>\n <audio   controls > <source src=\"http:\/\/www.wwwagner.tv\/audio\/20110524_cdumedianight_merkel_angela_56.mp3\" type='audio\/mpeg' \/> <object   type=\"application\/x-shockwave-flash\"  data=\"https:\/\/www.wwwagner.tv\/wp-content\/plugins\/wphtml5player\/inc\/flowplayer.swf\"  width=\"400\"  height=\"30\"> <param name=\"movie\" value='https:\/\/www.wwwagner.tv\/wp-content\/plugins\/wphtml5player\/inc\/flowplayer.swf' \/><param name=\"allowfullscreen\" value='false' \/><param name=\"cachebusting\" value='true' \/><param name=\"bgcolor\" value='#000000' \/><param name=\"flashvars\" value='config={\"plugins\":{\"controls\":{\"height\":30,\"autoHide\":false,\"fullscreen\":false}},\"clip\":{\"autoPlay\":false,\"url\":\"http:\\\/\\\/www.wwwagner.tv\\\/audio\\\/20110524_cdumedianight_merkel_angela_56.mp3\"},\"playlist\":[{\"autoPlay\":false,\"url\":\"http:\\\/\\\/www.wwwagner.tv\\\/audio\\\/20110524_cdumedianight_merkel_angela_56.mp3\"}],\"play\":{\"opacity\":0}}' \/>  No audio playback capabilities, please download the audio below<br \/><strong>Download Audio:<\/strong> Closed Format: <a href=\"http:\/\/www.wwwagner.tv\/audio\/20110524_cdumedianight_merkel_angela_56.mp3\">MP3<\/a> <\/object> <!-- Generated by HTML5 Multimedia Framework (http:\/\/code.google.com\/p\/html5videoplayer) --> <\/audio>  \n<div style=\"height: 10px;\"><\/div>\n<p><u>Wer<\/u>: Dr. Angela Merkel, Bundeskanzlerin, CDU-Vorsitzende<br \/>\n<u>Was<\/u>: Rede w\u00e4hrend der <a href=\"http:\/\/www.wwwagner.tv\/?p=7692\">CDU-MediaNight<\/a><br \/>\n<u>Wo<\/u>: Berlin, CDU-Parteizentrale<br \/>\n<u>Wann<\/u>: 24.05.2011, ca. 19:30 Uhr<\/p>\n<div id='stb-container-8923' class='stb-container-css stb-grey-container stb-no-caption stb-image-none stb-ltr stb-border stb-side'><aside class='stb-icon'><img src='http:\/\/www.wwwagner.tv\/wp-content\/plugins\/wp-special-textboxes\/themes\/stb-dark\/gears.png'><\/aside><div id='stb-box-8923' class='stb-grey_box stb-box' ><br \/>\n(W\u00f6rtliches Transkript)<\/p>\n<blockquote><p>Lieber Hermann Gr\u00f6he, lieber Bernd Neumann, lieber Philipp Schindler, lieber Leslie Mandoki, liebe Kollegen aus dem Kabinett und aus dem Deutschen Bundestag, liebe G\u00e4ste aus nah und fern. Ich begr\u00fc\u00dfe Sie ganz herzlich zu unserer 8. MediaNight der Christlich Demokratischen Union. Ich freue mich, dass trotz einj\u00e4hriger Pause doch wieder sehr viele gekommen sind. Es hat das Langzeitged\u00e4chtnis bei vielen noch funktioniert. Das freut mich. Das ist ja in heutigen Zeiten nicht mehr so klar. Und wir haben uns noch nicht entschlossen, ob wir sie weiter so testen oder ob wir im n\u00e4chsten Jahr wieder etwas machen. Wollen wir mal sehen, wie es dieses Jahr wird. <\/p>\n<p>Wir haben eine Vielzahl von Themen im Augenblick auf der politischen Agenda, die ich heute Abend hier nicht erw\u00e4hnen m\u00f6chte, sondern ich will sagen, dass die MediaNight dennoch eine interessante Erg\u00e4nzung unseres sonstigen politischen Tagwerks ist und eine M\u00f6glichkeit, pers\u00f6nlichen Austausch zu  pflegen, Unterhaltung zu haben, aber auch Neues zu lernen \u00fcber eine Medienwelt, die sich in einer unglaublich dynamischen Entwicklung befindet, mit all dem, was Dynamik mit sich bringt: Fortschritten, neuen Erkenntnissen, viel Leidenschaft, die dahinter steht, aber nat\u00fcrlich auch Konflikten und neuen Fragestellungen, die immer wieder ins Auge gefasst werden m\u00fcssen.<\/p>\n<p><a href=\"http:\/\/www.wwwagner.tv\/wp-content\/uploads\/20110524_merkel_angela_300a.jpg\"><img loading=\"lazy\" decoding=\"async\" src=\"http:\/\/www.wwwagner.tv\/wp-content\/uploads\/20110524_merkel_angela_300a.jpg\" alt=\"\" title=\"20110524_merkel_angela_300a\" width=\"300\" height=\"200\" class=\"alignnone size-full wp-image-7743\" \/><\/a><\/p>\n<p>1:31<\/p>\n<p>Wir haben uns heute f\u00fcr einen spannenden Gastredner entschieden und ihn auch sogar hierher locken k\u00f6nnen, n\u00e4mlich den Herrn Schindler, der bei Google f\u00fcr den Bereich Europa verantwortlich ist und uns sicherlich manches erz\u00e4hlen kann. Google besch\u00e4ftigt uns viele Stunden am Tage im Guten und manchmal auch im durchaus Strittigen. Aber wir haben vor allem, lieber Herr Schindler Sie eingeladen, weil Google wie kaum ein anderes Unternehmen das Internet gepr\u00e4gt hat. Das ging 1998 mit dem Online-Auftritt los. Heute muss man schon von fast imperialen Strukturen sprechen. Der Begriff (Lacher) &#8230; ja, ist aber alles im Rahmen des Wettbewerbsrechts akzeptiert, also insofern (Lacher, Beifall) mit Ausnahme der Dinge, die ich meinte, das durchaus sollte einen die Gr\u00f6\u00dfe anzeigen &#8230; das Wort Googeln ist sozusagen fast ein deutsches Wort geworden und steht seit 2004 im Duden. Was nun die Fragestellung aufwerfen kann, ob der Duden noch das ist, was er einmal war (Lacher) oder wie der Duden dem Zeitgeist fr\u00f6nt oder was auch immer. <\/p>\n<p>Google hat jedenfalls Revolution\u00e4res geschaffen. Suchmaschinen sind unverzichtbare Werkzeuge, um die Flut des Wissens im Internet f\u00fcr den Menschen erfassbar und damit auch nutzbar zu machen. 2010 hatte Google mehr als 20.000 Mitarbeiter. 2011 sollen weitere 6.000 hinzukommen. Es gibt auch immer wieder v\u00f6llig neue Gesch\u00e4ftsfelder nat\u00fcrlich und 80 % aller Suchanfragen werden im Internet \u00fcber Google gestellt. Sicherlich kriegen Sie auch mal Konkurrenz auf dem Gebiet und das wird auch zunehmen, aber da werden Sie sich dann auch schon wieder etwas Neues \u00fcberlegen.<\/p>\n<p>3:23<\/p>\n<p>Google Street View hat die Deutschen sehr bewegt. Und es hat zu einer leidenschaftlichen Diskussion dar\u00fcber gef\u00fchrt, ob die Postkarte sich sozusagen \u00fcber das ganze Land ausdehnt und man mit seinem eigenen Eigenheim heut auch in einer Art Postkarte \u00fcberall vorkommen kann oder aber, ob dies dann das Eindringen in die Privatsph\u00e4re ist und insofern ist es, glaub ich, gut, dass es die M\u00f6glichkeit gibt, gegen die Abbildung von Geb\u00e4uden oder Personen in Street View Widerspruch einzulegen, um eine Verpixelung zu erreichen. Und das zeigt ja auch den Weg sozusagen, dass neue technische Entwicklungen auch immer mit einem St\u00fcck mehr  M\u00fcndigkeit und Rechten des B\u00fcrgers verbunden sein m\u00fcssen. <\/p>\n<p>Und das f\u00fchrt uns dann auch zu der Aufgabe und zu der \u00dcberlegung nat\u00fcrlich, dass Menschen mit ihren neuen Freiheiten und M\u00f6glichkeiten auch umzugehen lernen m\u00fcssen. Das ist immer wieder kulturell geschehen in vergangenen Jahrhunderten und Jahrzehnten. Und so, wie wir uns an Mobilit\u00e4t gew\u00f6hnt haben, an Geschwindigkeiten gew\u00f6hnt haben, so werden wir uns auch an Vielfalt der Informationen gew\u00f6hnen, aber das ist eine Aufgabe, die auch stark mit Bildung verbunden ist. Und, wenn man selber in einer solch&#8216; dynamischen Zeit \u00e4lter wird, merkt man nat\u00fcrlich, mit welchen Chancen Kinder, Jugendliche ausgestattet sind, die das alles mehr ersp\u00fcren, als erlernen. Das ist schon ein interessanter Vorgang. Nichtsdestotrotz muss nat\u00fcrlich die M\u00f6glichkeit der Beherrschung auch da sein. Das hei\u00dft, ich muss die Grenzen f\u00fcr mich auch setzen k\u00f6nnen und das ist eine sicherlich hinzugekommene, erzieherische Aufgabe im Zusammenhang mit Kindern ihnen deutlich zu machen, was sie von sich preisgeben m\u00f6chten und was nicht. Und welche M\u00f6glichkeiten, aber auch welche Gef\u00e4hrdungen da sind. Jeden Tag wird dar\u00fcber gesprochen.<\/p>\n<p><a href=\"http:\/\/www.wwwagner.tv\/wp-content\/uploads\/20110524_merkel_angela_300b.jpg\"><img loading=\"lazy\" decoding=\"async\" src=\"http:\/\/www.wwwagner.tv\/wp-content\/uploads\/20110524_merkel_angela_300b.jpg\" alt=\"\" title=\"20110524_merkel_angela_300b\" width=\"300\" height=\"200\" class=\"alignnone size-full wp-image-7744\" \/><\/a><\/p>\n<p>5:23<\/p>\n<p>Damit wir das nun alles so wunderbar erfahren und erleben k\u00f6nnen &#8211; und das m\u00f6glichst rund um die Uhr und an jedem Ort in Deutschland &#8211; bedarf es einer gewissen Infrastruktur, an deren Ausbau wir tapfer arbeiten. Das ist ein sehr spannender Vorgang, weil die Breitbandausstattung republikweit bis zum letzten Einzelgeh\u00f6ft  nat\u00fcrlich eine spannende und heute privatwirtschaftlich im wesentlichen zu l\u00f6sende Aufgabe ist. Und das, was fr\u00fcher in Form von Wasser- und Stromleitungen erst einmal staatlich verlegt wurde, da erwartet man heute, dass sich Marktteilnehmer finden. Und wie man daf\u00fcr die rechtlichen Rahmenbedingungen ausgestaltet, das geh\u00f6rt zu den spannenderen politischen Aufgaben, die wir zu l\u00f6sen haben. Einmal in Bezug auf die Frage, wie sehr versuche ich, dem Nutzer ein preisg\u00fcnstiges Angebot zu machen oder wie sehr setze ich auf langfristige, breitfl\u00e4chige Investitionen. Und zweitens, wie kann ich den l\u00e4ndlichen Lebensraum mit dem st\u00e4dtischen in einer vergleichbaren Ausstattung halten ohne wieder in falsche Subventionstatbest\u00e4nde hineinzugehen, also ausgesprochen interessant und wenn man mit den Verantwortlichen in Deutschland spricht, dann haben wir, glaube ich, noch eine ganze Menge vor uns, wirklich sicherzustellen, dass wir in den wesentlichen Verbindungen, Infrastrukturverbindungen auch wirklich Glasfaserkabel in ausreichender M\u00f6glichkeit haben. Nicht viermal sozusagen ein Angebot in K\u00f6ln und Hamburg und daf\u00fcr gar keins in ganz &#8230; in einem l\u00e4ndlichen Bereich. Und das bedarf noch vieler Gespr\u00e4che und auch g\u00fcnstiger Rahmenbedingungen.<\/p>\n<p>7:07 <\/p>\n<p>Zum zweiten haben wir nat\u00fcrlich v\u00f6llige Verschiebungen in der gesamten Medienlandschaft. In den verschiedenen Panels ist ja heute dar\u00fcber auch schon gesprochen worden, was sind die &#8230; was bedeutet das Internet an Konkurrenz, an Konkurrenz f\u00fcr den Schutz geistigen Eigentums. Hier sind wir nat\u00fcrlich daf\u00fcr und haben das auch im Koalitionsvertrag angek\u00fcndigt, dass wir ein Leistungsschutzrecht verabschieden wollen. All das ist national gar nicht mehr so einfach zu machen, sondern hier muss man auch immer wieder schauen, dass wir international besser zusammenarbeiten. Es ist auf der anderen Seite sicherlich aber auch notwendig, dass Verleger v\u00f6llig neue Wege gehen und sich auch Gesch\u00e4ftsmodelle selber im Internet suchen. Das hei\u00dft, mit ihrem Produkt auch die neuen M\u00f6glichkeiten sehr definitiv und sehr engagiert selbst angehen. <\/p>\n<p>8:01<\/p>\n<p>Die Arbeitsbedingungen f\u00fcr Journalisten ver\u00e4ndern sich. Das &#8230; die Frage gerade auch in Deutschland mit dem dualen System zwischen \u00f6ffentlich-rechtlichem Rundfunk und privaten Anbietern, die Frage der Zeitungen und der Angebote der \u00f6ffentlich-rechtlichen Sendungen im Internet &#8211; all das hat uns viele Diskussionsstunden, spannende Diskussionsstunden schon beschert. <\/p>\n<p>Ich muss ja hier vorsichtig sein, weil ja von jeder Anbietersorte jemand hier ist und wir gute Gastgeber sein wollen, also niemandem verprellen m\u00f6chten hier. Und deshalb formuliere ich alles in Frageform. Also es ist sicherlich die Frage, ob die vielen Kochsendungen im fr\u00fchen Nachmittag zum Beispiel im Bereich des \u00f6ffentlich-rechtlichen Rundfunks dringend zur Grundversorgung geh\u00f6ren, genauso wie die Doppel\u00fcbertragung der Hochzeit des Jahres oder aber wie das ist mit den Champions-League-Spielen und wer wieviel Geld daf\u00fcr einsetzt. Also, es ist viel los in der Diskussionsszene und wir werden da auch immer wieder angemessene und neue Wege finden m\u00fcssen. Dennoch k\u00f6nnen wir, glaube ich, sagen, die Vielfalt der Meinungslandschaft ist f\u00fcr uns alle heute eine gute und herausragende Voraussetzung, ganz anders uns informieren zu k\u00f6nnen, ganz anders in die Welt hineinzuschauen.<\/p>\n<p><a href=\"http:\/\/www.wwwagner.tv\/wp-content\/uploads\/20110524_merkel_angela_3_300.jpg\"><img loading=\"lazy\" decoding=\"async\" src=\"http:\/\/www.wwwagner.tv\/wp-content\/uploads\/20110524_merkel_angela_3_300.jpg\" alt=\"\" title=\"20110524_merkel_angela_3_300\" width=\"300\" height=\"200\" class=\"alignnone size-full wp-image-7747\" \/><\/a><\/p>\n<p>9:25<\/p>\n<p>An der Zahl von Informationen mangelt es nicht, aber bestimmte menschliche F\u00e4higkeiten werden eher noch mehr herausgefordert, als weniger. Wenn ich nahezu alles wei\u00df, wird es nicht einfacher, sich entscheiden zu k\u00f6nnen. Und das Entscheiden lernen, ist eben auch etwas, was einem keiner abnimmt und Priorit\u00e4ten setzen, Hierarchien f\u00fcr sich selbst bestimmen, was ist mir wichtig, was ist mir weniger wichtig. Das alles sind kulturelle Eigenschaften, die angesichts der Medienvielfalt sicherlich und der Informationsvielfalt sicherlich noch mehr gefordert sind, als das fr\u00fcher der Fall war. <\/p>\n<p>Wir k\u00f6nnen also sagen, es ist immer wieder spannend all diese Fragen mit Ihnen hier zu diskutieren und hinterher dann auch in einer etwas lockeren Art und Weise miteinander zu plaudern. Wir haben heute die Programmbausteine gleich aneinandergereiht, die Rede und gefolgt dann auch von einem musikalischen Angebot. Ich danke Herrn Schindler. Ich danke Herrn Mandoki, daf\u00fcr dass Sie uns heute Interessantes zu Gem\u00fcte und zum Gehirn f\u00fchren. Mal sehen, wer welchen Anteil mehr ausbildet (Lacher). Und ansonsten sage ich ganz einfach Dankesch\u00f6n, dass Sie alle gekommen sind. Ich hoffe, wir haben einen sch\u00f6nen, spannenden Abend, an dem auch jeder etwas Neues f\u00fcr sich mit nach Hause nimmt. Wir freuen uns als Christlich Demokratische Union der Gastgeber f\u00fcr eine solche Veranstaltung zu sein, weil wir der festen \u00dcberzeugung sind, dass wir in einem spannenden Jahrhundert leben, dass wir teilhaben an unglaublichen Entwicklungen und weil wir sie nicht nur verstehen wollen, sondern auch ein bisschen Freude und Spa\u00df daran haben wollen. Herzlichen Dank und allen ein herzliches Willkommen! (Beifall)<\/p><\/blockquote>\n<p> <\/div><\/div>\n<div style=\"height:10px;\"><\/div>\n<p>(Fotos: \u00a9 J\u00f6rg Wagner)<\/p>\n<hr \/>\n<div style=\"height: 5px;\"><\/div>\n<p><html><br \/>\n     <head><\/p>\n<style type=\"text\/css\">\n       body {\n                     background: #DADADA;\n       }\n      <\/style>\n<p>     <\/head><br \/>\n     <body><br \/>\n<\/body><br \/>\n    <\/html><br \/>\n<script src=\"https:\/\/apis.google.com\/js\/plusone.js\" type=\"text\/javascript\">\/\/ < ![CDATA[ {lang: 'de'} \/\/ ]]><\/script><br \/>\n<script src=\"http:\/\/twittercounter.com\/embed\/?username=medienmagazin&amp;style=avatar\" type=\"text\/javascript\"><\/script><\/p>\n<p><noscript><a href=\"http:\/\/twittercounter.com\/medienmagazin\">medienmagazin on Twitter Counter<\/a><\/noscript><\/p>\n","protected":false},"excerpt":{"rendered":"<p>No audio playback capabilities, please download the audio belowDownload Audio: Closed Format: MP3 Wer: Dr. Angela Merkel, Bundeskanzlerin, CDU-Vorsitzende Was: Rede w\u00e4hrend der CDU-MediaNight Wo: Berlin, CDU-Parteizentrale Wann: 24.05.2011, ca. 19:30 Uhr (Fotos: \u00a9 J\u00f6rg Wagner) medienmagazin on Twitter Counter<\/p>\n","protected":false},"author":2,"featured_media":0,"comment_status":"open","ping_status":"open","sticky":false,"template":"","format":"standard","meta":{"_monsterinsights_skip_tracking":false,"_monsterinsights_sitenote_active":false,"_monsterinsights_sitenote_note":"","_monsterinsights_sitenote_category":0,"footnotes":""},"categories":[114,53,130],"tags":[192,191,56,201],"class_list":["post-7739","post","type-post","status-publish","format-standard","hentry","category-a-z","category-dokument","category-m","tag-angela-merkel","tag-cdu","tag-google","tag-medianight"],"_links":{"self":[{"href":"https:\/\/www.wwwagner.tv\/index.php?rest_route=\/wp\/v2\/posts\/7739","targetHints":{"allow":["GET"]}}],"collection":[{"href":"https:\/\/www.wwwagner.tv\/index.php?rest_route=\/wp\/v2\/posts"}],"about":[{"href":"https:\/\/www.wwwagner.tv\/index.php?rest_route=\/wp\/v2\/types\/post"}],"author":[{"embeddable":true,"href":"https:\/\/www.wwwagner.tv\/index.php?rest_route=\/wp\/v2\/users\/2"}],"replies":[{"embeddable":true,"href":"https:\/\/www.wwwagner.tv\/index.php?rest_route=%2Fwp%2Fv2%2Fcomments&post=7739"}],"version-history":[{"count":30,"href":"https:\/\/www.wwwagner.tv\/index.php?rest_route=\/wp\/v2\/posts\/7739\/revisions"}],"predecessor-version":[{"id":37392,"href":"https:\/\/www.wwwagner.tv\/index.php?rest_route=\/wp\/v2\/posts\/7739\/revisions\/37392"}],"wp:attachment":[{"href":"https:\/\/www.wwwagner.tv\/index.php?rest_route=%2Fwp%2Fv2%2Fmedia&parent=7739"}],"wp:term":[{"taxonomy":"category","embeddable":true,"href":"https:\/\/www.wwwagner.tv\/index.php?rest_route=%2Fwp%2Fv2%2Fcategories&post=7739"},{"taxonomy":"post_tag","embeddable":true,"href":"https:\/\/www.wwwagner.tv\/index.php?rest_route=%2Fwp%2Fv2%2Ftags&post=7739"}],"curies":[{"name":"wp","href":"https:\/\/api.w.org\/{rel}","templated":true}]}}