{"id":8044,"date":"2011-06-11T22:40:31","date_gmt":"2011-06-11T21:40:31","guid":{"rendered":"http:\/\/www.wwwagner.tv\/?p=8044"},"modified":"2011-06-14T02:23:57","modified_gmt":"2011-06-14T01:23:57","slug":"die-ersatzantennen-von-calau","status":"publish","type":"post","link":"https:\/\/www.wwwagner.tv\/?p=8044","title":{"rendered":"Die Ersatzantennen von Calau"},"content":{"rendered":"<p><script type=\"text\/javascript\" src=\"http:\/\/twittercounter.com\/embed\/medienmagazin\/000000\/FFA500\"><\/script><noscript><a href=\"http:\/\/twittercounter.com\/medienmagazin\">medienmagazin on Twitter Counter.com<\/a><\/noscript><\/p>\n<div style=\"height:30px;\"><\/div>\n<p><a href=\"http:\/\/www.wwwagner.tv\/wp-content\/uploads\/20110426_calau_2_600.jpg\"><img loading=\"lazy\" decoding=\"async\" src=\"http:\/\/www.wwwagner.tv\/wp-content\/uploads\/20110426_calau_2_600.jpg\" alt=\"\" title=\"20110426_calau_2_600\" width=\"600\" height=\"200\" class=\"alignright size-full wp-image-7143\" srcset=\"https:\/\/www.wwwagner.tv\/wp-content\/uploads\/20110426_calau_2_600.jpg 600w, https:\/\/www.wwwagner.tv\/wp-content\/uploads\/20110426_calau_2_600-300x100.jpg 300w\" sizes=\"auto, (max-width: 600px) 100vw, 600px\" \/><\/a><\/p>\n<div style=\"height:10px;\"><\/div>\n<p>Seit dem Brand im Funkturm von Calau am 26.04.2011 konnte die Versorgung in S\u00fcdbrandenburg mit UKW- und DVB-T-Signalen nur notd\u00fcrftig \u00fcber andere Sendenanlagen realisiert werden. Am 09.06.2011 wurde eine <a href=\"http:\/\/www.rbb-online.de\/nachrichten\/vermischtes\/2011_06\/rbb-Empfangssituation_verbessert.html\">Ersatzantennenanlage<\/a> unterhalb der eigentlichen UKW-Antennen in Betrieb genommen. Mit dieser \u00dcbergangsl\u00f6sung ist in einem Umkreis von ca. 20 bis 45 km die UKW- und DVB-T-Versorgung wieder m\u00f6glich (wenn auch mit Einschr\u00e4nkungen) bis die Reparatur des Turms abgeschlossen ist.<\/p>\n<p>Gespr\u00e4ch mit dem Radiotechnik-Experten Kai Ludwig (radioeins-Medienmagazin vom 11.06.2011)<br \/>\n <audio   controls > <source src=\"http:\/\/download.radioeins.de\/mp3\/medienmagazin\/mm20110611_4.mp3\" type='audio\/mpeg' \/> <object   type=\"application\/x-shockwave-flash\"  data=\"https:\/\/www.wwwagner.tv\/wp-content\/plugins\/wphtml5player\/inc\/flowplayer.swf\"  width=\"400\"  height=\"30\"> <param name=\"movie\" value='https:\/\/www.wwwagner.tv\/wp-content\/plugins\/wphtml5player\/inc\/flowplayer.swf' \/><param name=\"allowfullscreen\" value='false' \/><param name=\"cachebusting\" value='true' \/><param name=\"bgcolor\" value='#000000' \/><param name=\"flashvars\" value='config={\"plugins\":{\"controls\":{\"height\":30,\"autoHide\":false,\"fullscreen\":false}},\"clip\":{\"autoPlay\":false,\"url\":\"http:\\\/\\\/download.radioeins.de\\\/mp3\\\/medienmagazin\\\/mm20110611_4.mp3\"},\"playlist\":[{\"autoPlay\":false,\"url\":\"http:\\\/\\\/download.radioeins.de\\\/mp3\\\/medienmagazin\\\/mm20110611_4.mp3\"}],\"play\":{\"opacity\":0}}' \/>  No audio playback capabilities, please download the audio below<br \/><strong>Download Audio:<\/strong> Closed Format: <a href=\"http:\/\/download.radioeins.de\/mp3\/medienmagazin\/mm20110611_4.mp3\">MP3<\/a> <\/object> <!-- Generated by HTML5 Multimedia Framework (http:\/\/code.google.com\/p\/html5videoplayer) --> <\/audio>  <br \/>\n<a href=\"http:\/\/download.radioeins.de\/mp3\/medienmagazin\/mm20110611_4.mp3\" target=\"_blank\">Download<\/a><\/p>\n<p><a href=\"http:\/\/www.wwwagner.tv\/wp-content\/uploads\/Funkturm-Calau-1.jpg\"><img loading=\"lazy\" decoding=\"async\" src=\"http:\/\/www.wwwagner.tv\/wp-content\/uploads\/Funkturm-Calau-1.jpg\" alt=\"\" title=\"Funkturm Calau 1\" width=\"600\" height=\"800\" class=\"alignright size-full wp-image-8047\" srcset=\"https:\/\/www.wwwagner.tv\/wp-content\/uploads\/Funkturm-Calau-1.jpg 600w, https:\/\/www.wwwagner.tv\/wp-content\/uploads\/Funkturm-Calau-1-225x300.jpg 225w\" sizes=\"auto, (max-width: 600px) 100vw, 600px\" \/><\/a><\/p>\n<p>In ca. 150 Metern H\u00f6he, oberhalb des &#8222;Eistellers&#8220; ist die eigentliche UKW-Antennen-Anlage angebracht. Sie ist seit dem Brand ohne Signalzuf\u00fchrung und muss wahrscheinlich mehrere Monate lang repariert werden.<\/p>\n<p><a href=\"http:\/\/www.wwwagner.tv\/wp-content\/uploads\/Funkturm-Calau-3.jpg\"><img loading=\"lazy\" decoding=\"async\" src=\"http:\/\/www.wwwagner.tv\/wp-content\/uploads\/Funkturm-Calau-3.jpg\" alt=\"\" title=\"Funkturm Calau 3\" width=\"600\" height=\"800\" class=\"alignright size-full wp-image-8061\" srcset=\"https:\/\/www.wwwagner.tv\/wp-content\/uploads\/Funkturm-Calau-3.jpg 600w, https:\/\/www.wwwagner.tv\/wp-content\/uploads\/Funkturm-Calau-3-225x300.jpg 225w\" sizes=\"auto, (max-width: 600px) 100vw, 600px\" \/><\/a><\/p>\n<p>In ca. 80 Metern H\u00f6he sind die UKW-Ersatz-Antennenelemente befestigt. Der Vergleich beider Bilder zeigt, dass die \u00dcbergangsl\u00f6sung auf Grund der geringeren H\u00f6he und der anderen Konstruktion unterhalb der normalen Reichweite bleiben muss.<\/p>\n<p><a href=\"http:\/\/www.wwwagner.tv\/wp-content\/uploads\/Funkturm-Calau-2.jpg\"><img loading=\"lazy\" decoding=\"async\" src=\"http:\/\/www.wwwagner.tv\/wp-content\/uploads\/Funkturm-Calau-2.jpg\" alt=\"\" title=\"Funkturm Calau 2\" width=\"600\" height=\"800\" class=\"alignright size-full wp-image-8057\" srcset=\"https:\/\/www.wwwagner.tv\/wp-content\/uploads\/Funkturm-Calau-2.jpg 600w, https:\/\/www.wwwagner.tv\/wp-content\/uploads\/Funkturm-Calau-2-225x300.jpg 225w\" sizes=\"auto, (max-width: 600px) 100vw, 600px\" \/><\/a><\/p>\n<p>Nach der Medienmagazin-Sendung notierte Kai Ludwig noch folgende Beobachtungen:<\/p>\n<p><em>Elsterwerda Kabelnetz (bzw. Gro\u00dfgemeinschaftsantenne; \u00f6rtliche Firma mit<br \/>\neigener Empfangstechnik ohne KDG o.dgl.): Anlage Elsterwerda Stadt<br \/>\nbrauchbar in Mono, Anlage Elsterwerda West kein brauchbarer Empfang.<\/p>\n<p>Portabel in Elsterwerda: Sehr schwach, f\u00fcr technisch &#8222;nicht<br \/>\nvorbelastete&#8220; H\u00f6rer wohl nicht existent und als DX-Empfang einzustufen.<\/p>\n<p>Aus Richtung Norden kommend portabler Empfang ungef\u00e4hr ab Gol\u00dfen<br \/>\nm\u00f6glich, ein &#8222;Loch&#8220; zwischen Berlin und Calau gab es jedenfalls nicht.<br \/>\nDas blieb dann brauchbar, bis im Bereich Hohenleipisch der Empfang fast<br \/>\nschlagartig zusammenbrach.<\/p>\n<p>Von hier aus Richtung Nordosten: Auch in Lauchhammer noch recht schwach;<br \/>\nschwer zu sagen, ob das &#8222;normale&#8220; H\u00f6rer dort schon ohne Probleme finden.<br \/>\nEbenfalls in Senftenberg noch nicht allzu stark. Auch in Gro\u00dfr\u00e4schen ist<br \/>\nim Vergleich Hoyerswerda 100,4 MHz (ca. 30 km entfernt) immer noch<br \/>\ndeutlich st\u00e4rker als die Calau-Frequenzen (unter 20 km). Richtigen<br \/>\n&#8222;Vollausschlag&#8220; bringt Calau dann erst ab Altd\u00f6bern (ca. 12 km).<\/p>\n<p>Wenn man sich anschaut, wie es von Norden nach S\u00fcden kommend recht gut<br \/>\ngeht und dann fast schlagartig abbricht, sieht es doch sehr danach aus,<br \/>\nals ob der Bereich, in dem die drei horizontalen Spalten auf der<br \/>\nNordseite durch den Turm abgeschattet sind, unterbelichtet ist.<br \/>\nVielleicht ist da auch garnichts zu erwarten, weil die vertikalen Dipole<br \/>\nauf der S\u00fcdseite nur als Nahbereichsf\u00fcller gedacht sind, von vornherein<br \/>\nnur wenige kW EIRP machen sollen und auch entsprechend gespeist werden.<br \/>\nOhne Kenntnis der Projektierung bleibt einem nat\u00fcrlich nichts anderes,<br \/>\nals dar\u00fcber zu spekulieren und das \u00e4u\u00dfere Erscheinungsbild der Anlage zu<br \/>\ninterpretieren.<br \/>\n<\/em><\/p>\n<p><a href=\"http:\/\/www.wwwagner.tv\/wp-content\/uploads\/Funkturm-Calau-4.jpg\"><img loading=\"lazy\" decoding=\"async\" src=\"http:\/\/www.wwwagner.tv\/wp-content\/uploads\/Funkturm-Calau-4.jpg\" alt=\"\" title=\"Funkturm Calau 4\" width=\"600\" height=\"400\" class=\"alignright size-full wp-image-8069\" srcset=\"https:\/\/www.wwwagner.tv\/wp-content\/uploads\/Funkturm-Calau-4.jpg 600w, https:\/\/www.wwwagner.tv\/wp-content\/uploads\/Funkturm-Calau-4-300x200.jpg 300w\" sizes=\"auto, (max-width: 600px) 100vw, 600px\" \/><\/a><\/p>\n<div style=\"height:70px;\"><\/div>\n<p><span style=\"color: #888888;\">(Fotos: \u00a9 rbb [2], Kai Ludwig [5] )<\/span><\/p>\n<div style=\"height:5px;\"><\/div>\n","protected":false},"excerpt":{"rendered":"<p>medienmagazin on Twitter Counter.com Seit dem Brand im Funkturm von Calau am 26.04.2011 konnte die Versorgung in S\u00fcdbrandenburg mit UKW- und DVB-T-Signalen nur notd\u00fcrftig \u00fcber andere Sendenanlagen realisiert werden. Am 09.06.2011 wurde eine Ersatzantennenanlage unterhalb der eigentlichen UKW-Antennen in Betrieb genommen. Mit dieser \u00dcbergangsl\u00f6sung ist in einem Umkreis von ca. 20 bis 45 km die [&hellip;]<\/p>\n","protected":false},"author":2,"featured_media":0,"comment_status":"open","ping_status":"open","sticky":false,"template":"","format":"standard","meta":{"_monsterinsights_skip_tracking":false,"_monsterinsights_sitenote_active":false,"_monsterinsights_sitenote_note":"","_monsterinsights_sitenote_category":0,"footnotes":""},"categories":[17],"tags":[179,84],"class_list":["post-8044","post","type-post","status-publish","format-standard","hentry","category-aktuell","tag-calau","tag-ukw"],"_links":{"self":[{"href":"https:\/\/www.wwwagner.tv\/index.php?rest_route=\/wp\/v2\/posts\/8044","targetHints":{"allow":["GET"]}}],"collection":[{"href":"https:\/\/www.wwwagner.tv\/index.php?rest_route=\/wp\/v2\/posts"}],"about":[{"href":"https:\/\/www.wwwagner.tv\/index.php?rest_route=\/wp\/v2\/types\/post"}],"author":[{"embeddable":true,"href":"https:\/\/www.wwwagner.tv\/index.php?rest_route=\/wp\/v2\/users\/2"}],"replies":[{"embeddable":true,"href":"https:\/\/www.wwwagner.tv\/index.php?rest_route=%2Fwp%2Fv2%2Fcomments&post=8044"}],"version-history":[{"count":30,"href":"https:\/\/www.wwwagner.tv\/index.php?rest_route=\/wp\/v2\/posts\/8044\/revisions"}],"predecessor-version":[{"id":8137,"href":"https:\/\/www.wwwagner.tv\/index.php?rest_route=\/wp\/v2\/posts\/8044\/revisions\/8137"}],"wp:attachment":[{"href":"https:\/\/www.wwwagner.tv\/index.php?rest_route=%2Fwp%2Fv2%2Fmedia&parent=8044"}],"wp:term":[{"taxonomy":"category","embeddable":true,"href":"https:\/\/www.wwwagner.tv\/index.php?rest_route=%2Fwp%2Fv2%2Fcategories&post=8044"},{"taxonomy":"post_tag","embeddable":true,"href":"https:\/\/www.wwwagner.tv\/index.php?rest_route=%2Fwp%2Fv2%2Ftags&post=8044"}],"curies":[{"name":"wp","href":"https:\/\/api.w.org\/{rel}","templated":true}]}}