{"id":9567,"date":"2011-09-03T07:18:12","date_gmt":"2011-09-03T06:18:12","guid":{"rendered":"http:\/\/www.wwwagner.tv\/?p=9567"},"modified":"2019-11-14T04:04:35","modified_gmt":"2019-11-14T02:04:35","slug":"das-zdf-und-die-app","status":"publish","type":"post","link":"https:\/\/www.wwwagner.tv\/?p=9567","title":{"rendered":"Das ZDF und die App"},"content":{"rendered":"<p><a href=\"http:\/\/www.wwwagner.tv\/wp-content\/uploads\/20110829_frey_peter_2_600.jpg\"><img loading=\"lazy\" decoding=\"async\" src=\"http:\/\/www.wwwagner.tv\/wp-content\/uploads\/20110829_frey_peter_2_600.jpg\" alt=\"\" title=\"20110829_frey_peter_2_600\" width=\"600\" height=\"374\" class=\"alignnone size-full wp-image-9513\" srcset=\"https:\/\/www.wwwagner.tv\/wp-content\/uploads\/20110829_frey_peter_2_600.jpg 600w, https:\/\/www.wwwagner.tv\/wp-content\/uploads\/20110829_frey_peter_2_600-300x187.jpg 300w\" sizes=\"auto, (max-width: 600px) 100vw, 600px\" \/><\/a><\/p>\n<div style=\"height:10px;\"><\/div>\n<p>Die Frage, ob die sich die \u00f6ffentlich-rechtlichen Rundfunkanstalten auf mobilen Endger\u00e4ten pr\u00e4sentieren sollten, wird seit einigen Monaten kontrovers diskutiert. Gegen die tagesschau-App wehren sich einige Verlage gerichtlich. Jetzt hat auch das ZDF angek\u00fcndigt, eine Gratis-App anzubieten:<\/p>\n<p>ZDF-Chefredakteur Dr. Peter Frey zum Start der Mediathek-App am 05.09.2011<br \/>\n <audio   controls > <source src=\"http:\/\/www.wwwagner.tv\/audio\/20110829_frey_peter_app.mp3\" type='audio\/mpeg' \/> <object   type=\"application\/x-shockwave-flash\"  data=\"https:\/\/www.wwwagner.tv\/wp-content\/plugins\/wphtml5player\/inc\/flowplayer.swf\"  width=\"400\"  height=\"30\"> <param name=\"movie\" value='https:\/\/www.wwwagner.tv\/wp-content\/plugins\/wphtml5player\/inc\/flowplayer.swf' \/><param name=\"allowfullscreen\" value='false' \/><param name=\"cachebusting\" value='true' \/><param name=\"bgcolor\" value='#000000' \/><param name=\"flashvars\" value='config={\"plugins\":{\"controls\":{\"height\":30,\"autoHide\":false,\"fullscreen\":false}},\"clip\":{\"autoPlay\":false,\"url\":\"http:\\\/\\\/www.wwwagner.tv\\\/audio\\\/20110829_frey_peter_app.mp3\"},\"playlist\":[{\"autoPlay\":false,\"url\":\"http:\\\/\\\/www.wwwagner.tv\\\/audio\\\/20110829_frey_peter_app.mp3\"}],\"play\":{\"opacity\":0}}' \/>  No audio playback capabilities, please download the audio below<br \/><strong>Download Audio:<\/strong> Closed Format: <a href=\"http:\/\/www.wwwagner.tv\/audio\/20110829_frey_peter_app.mp3\">MP3<\/a> <\/object> <!-- Generated by HTML5 Multimedia Framework (http:\/\/code.google.com\/p\/html5videoplayer) --> <\/audio>  <br \/>\n<a href=\"http:\/\/www.wwwagner.tv\/audio\/20110829_frey_peter_app.mp3\">Download<\/a><\/p>\n<div style=\"height:20px;\"><\/div>\n<p><a href=\"http:\/\/www.wwwagner.tv\/wp-content\/uploads\/20110829_gaddum_eckart_300.jpg\"><img loading=\"lazy\" decoding=\"async\" src=\"http:\/\/www.wwwagner.tv\/wp-content\/uploads\/20110829_gaddum_eckart_300.jpg\" alt=\"\" title=\"20110829_gaddum_eckart_300\" width=\"300\" height=\"200\" class=\"alignnone size-full wp-image-9520\" \/><\/a><\/p>\n<div style=\"height:20px;\"><\/div>\n<p>Dr. Eckart Gaddum, ZDF Hauptredaktionsleiter Neue Medien<br \/>\n <audio   controls > <source src=\"http:\/\/www.wwwagner.tv\/audio\/20110829_gaddum_eckart_app.mp3\" type='audio\/mpeg' \/> <object   type=\"application\/x-shockwave-flash\"  data=\"https:\/\/www.wwwagner.tv\/wp-content\/plugins\/wphtml5player\/inc\/flowplayer.swf\"  width=\"400\"  height=\"30\"> <param name=\"movie\" value='https:\/\/www.wwwagner.tv\/wp-content\/plugins\/wphtml5player\/inc\/flowplayer.swf' \/><param name=\"allowfullscreen\" value='false' \/><param name=\"cachebusting\" value='true' \/><param name=\"bgcolor\" value='#000000' \/><param name=\"flashvars\" value='config={\"plugins\":{\"controls\":{\"height\":30,\"autoHide\":false,\"fullscreen\":false}},\"clip\":{\"autoPlay\":false,\"url\":\"http:\\\/\\\/www.wwwagner.tv\\\/audio\\\/20110829_gaddum_eckart_app.mp3\"},\"playlist\":[{\"autoPlay\":false,\"url\":\"http:\\\/\\\/www.wwwagner.tv\\\/audio\\\/20110829_gaddum_eckart_app.mp3\"}],\"play\":{\"opacity\":0}}' \/>  No audio playback capabilities, please download the audio below<br \/><strong>Download Audio:<\/strong> Closed Format: <a href=\"http:\/\/www.wwwagner.tv\/audio\/20110829_gaddum_eckart_app.mp3\">MP3<\/a> <\/object> <!-- Generated by HTML5 Multimedia Framework (http:\/\/code.google.com\/p\/html5videoplayer) --> <\/audio>  <br \/>\n<a href=\"http:\/\/www.wwwagner.tv\/audio\/20110829_gaddum_eckart_app.mp3\">Download<\/a><\/p>\n<div style=\"height:20px;\"><\/div>\n<p><a href=\"http:\/\/www.wwwagner.tv\/wp-content\/uploads\/zdf_mediathek_600.jpg\"><img loading=\"lazy\" decoding=\"async\" src=\"http:\/\/www.wwwagner.tv\/wp-content\/uploads\/zdf_mediathek_600.jpg\" alt=\"\" title=\"zdf_mediathek_600\" width=\"600\" height=\"442\" class=\"alignnone size-full wp-image-9604\" srcset=\"https:\/\/www.wwwagner.tv\/wp-content\/uploads\/zdf_mediathek_600.jpg 600w, https:\/\/www.wwwagner.tv\/wp-content\/uploads\/zdf_mediathek_600-300x221.jpg 300w\" sizes=\"auto, (max-width: 600px) 100vw, 600px\" \/><\/a><\/p>\n<div style=\"height:30px;\"><\/div>\n<p>Erster Screenshot nach der Ver\u00f6ffentlichung in der Nacht des 05.09.2011.<\/p>\n<div style=\"height:10px;\"><\/div>\n<p><a href=\"http:\/\/www.wwwagner.tv\/wp-content\/uploads\/zdf_app_mediathek.jpg\"><img loading=\"lazy\" decoding=\"async\" src=\"http:\/\/www.wwwagner.tv\/wp-content\/uploads\/zdf_app_mediathek.jpg\" alt=\"\" title=\"zdf_app_mediathek\" width=\"195\" height=\"194\" class=\"alignnone size-full wp-image-9611\" srcset=\"https:\/\/www.wwwagner.tv\/wp-content\/uploads\/zdf_app_mediathek.jpg 195w, https:\/\/www.wwwagner.tv\/wp-content\/uploads\/zdf_app_mediathek-150x150.jpg 150w\" sizes=\"auto, (max-width: 195px) 100vw, 195px\" \/><\/a><\/p>\n<div style=\"height:10px;\"><\/div>\n<p>Die ZDF-Mediathek-App startet sicher nicht zuf\u00e4llig an dem Tag, an dem der <em>ZDFInfokanal<\/em> neu als <em>zdf info<\/em> seinen Sendebetrieb aufnimmt. Zum Neustart des digitalen ZDF-Zusatzangebotes Dr. Peter Frey:<\/p>\n<div style=\"height:10px;\"><\/div>\n<div class=\"BorlabsCookie\"><div class=\"_brlbs-content-blocker\"> <div class=\"_brlbs-embed _brlbs-video-youtube\"> <img class=\"_brlbs-thumbnail\" src=\"https:\/\/www.wwwagner.tv\/wp-content\/plugins\/borlabs-cookie\/images\/cb-no-thumbnail.png\" alt=\"YouTube\"> <div class=\"_brlbs-caption\"> <p>Mit dem Laden des Videos akzeptieren Sie die Datenschutzerkl\u00e4rung von YouTube.<br><a href=\"https:\/\/policies.google.com\/privacy\" target=\"_blank\" rel=\"nofollow noopener noreferrer\">Mehr erfahren<\/a><\/p> <p><a class=\"_brlbs-btn _brlbs-icon-play-white\" href=\"#\" data-borlabs-cookie-unblock role=\"button\">Video laden<\/a><\/p> <p><label><input type=\"checkbox\" name=\"unblockAll\" value=\"1\" checked> <small>YouTube immer entsperren<\/small><\/label><\/p> <\/div> <\/div> <\/div><div class=\"borlabs-hide\" data-borlabs-cookie-type=\"content-blocker\" data-borlabs-cookie-id=\"youtube\"><script type=\"text\/template\">PHA+PGlmcmFtZSBsb2FkaW5nPSJsYXp5IiB3aWR0aD0iNDAwIiBoZWlnaHQ9IjI1NSIgc3JjPSJodHRwczovL3d3dy55b3V0dWJlLW5vY29va2llLmNvbS9lbWJlZC9uNWE4R08zXzcxYz9yZWw9MCIgZnJhbWVib3JkZXI9IjAiIGFsbG93ZnVsbHNjcmVlbj48L2lmcmFtZT48L3A+<\/script><\/div><\/div>\n<div style=\"height:20px;\"><\/div>\n<p>(Fotos+Video: \u00a9 J\u00f6rg Wagner)<\/p>\n<hr \/>\n<div style=\"height: 5px;\"><\/div>\n<p><html><br \/>\n     <head><\/p>\n<style type=\"text\/css\">\n       body {\n                     background: #DADADA;\n       }\n      <\/style>\n<p>     <\/head><br \/>\n     <body><br \/>\n<\/body><br \/>\n    <\/html><br \/>\n<script src=\"https:\/\/apis.google.com\/js\/plusone.js\" type=\"text\/javascript\">\/\/ < ![CDATA[ {lang: 'de'} \/\/ ]]><\/script><br \/>\n<script src=\"http:\/\/twittercounter.com\/embed\/?username=medienmagazin&amp;style=avatar\" type=\"text\/javascript\"><\/script><\/p>\n<p><noscript><a href=\"http:\/\/twittercounter.com\/medienmagazin\">medienmagazin on Twitter Counter<\/a><\/noscript><\/p>\n","protected":false},"excerpt":{"rendered":"<p>Die Frage, ob die sich die \u00f6ffentlich-rechtlichen Rundfunkanstalten auf mobilen Endger\u00e4ten pr\u00e4sentieren sollten, wird seit einigen Monaten kontrovers diskutiert. Gegen die tagesschau-App wehren sich einige Verlage gerichtlich. Jetzt hat auch das ZDF angek\u00fcndigt, eine Gratis-App anzubieten: ZDF-Chefredakteur Dr. Peter Frey zum Start der Mediathek-App am 05.09.2011 No audio playback capabilities, please download the audio belowDownload [&hellip;]<\/p>\n","protected":false},"author":2,"featured_media":0,"comment_status":"open","ping_status":"open","sticky":false,"template":"","format":"standard","meta":{"_monsterinsights_skip_tracking":false,"_monsterinsights_sitenote_active":false,"_monsterinsights_sitenote_note":"","_monsterinsights_sitenote_category":0,"footnotes":""},"categories":[17],"tags":[95,50,245],"class_list":["post-9567","post","type-post","status-publish","format-standard","hentry","category-aktuell","tag-app","tag-zdf","tag-zdfinfo"],"_links":{"self":[{"href":"https:\/\/www.wwwagner.tv\/index.php?rest_route=\/wp\/v2\/posts\/9567","targetHints":{"allow":["GET"]}}],"collection":[{"href":"https:\/\/www.wwwagner.tv\/index.php?rest_route=\/wp\/v2\/posts"}],"about":[{"href":"https:\/\/www.wwwagner.tv\/index.php?rest_route=\/wp\/v2\/types\/post"}],"author":[{"embeddable":true,"href":"https:\/\/www.wwwagner.tv\/index.php?rest_route=\/wp\/v2\/users\/2"}],"replies":[{"embeddable":true,"href":"https:\/\/www.wwwagner.tv\/index.php?rest_route=%2Fwp%2Fv2%2Fcomments&post=9567"}],"version-history":[{"count":22,"href":"https:\/\/www.wwwagner.tv\/index.php?rest_route=\/wp\/v2\/posts\/9567\/revisions"}],"predecessor-version":[{"id":44792,"href":"https:\/\/www.wwwagner.tv\/index.php?rest_route=\/wp\/v2\/posts\/9567\/revisions\/44792"}],"wp:attachment":[{"href":"https:\/\/www.wwwagner.tv\/index.php?rest_route=%2Fwp%2Fv2%2Fmedia&parent=9567"}],"wp:term":[{"taxonomy":"category","embeddable":true,"href":"https:\/\/www.wwwagner.tv\/index.php?rest_route=%2Fwp%2Fv2%2Fcategories&post=9567"},{"taxonomy":"post_tag","embeddable":true,"href":"https:\/\/www.wwwagner.tv\/index.php?rest_route=%2Fwp%2Fv2%2Ftags&post=9567"}],"curies":[{"name":"wp","href":"https:\/\/api.w.org\/{rel}","templated":true}]}}